{"id":5759,"date":"2024-01-25T16:06:25","date_gmt":"2024-01-25T19:06:25","guid":{"rendered":"https:\/\/hdpnoticias.com.ar\/?p=5759"},"modified":"2024-01-25T16:07:57","modified_gmt":"2024-01-25T19:07:57","slug":"cayeron-otros-2-buscados-por-el-asesinato-de-umma-ya-son-4-los-detenidos","status":"publish","type":"post","link":"https:\/\/hdpnoticias.com.ar\/?p=5759","title":{"rendered":"Cayeron otros 2 buscados por el asesinato de Umma: ya son 4 los detenidos"},"content":{"rendered":"\n<p>La ministra de Seguridad de la Naci\u00f3n: Patricia Bullrich, anunci\u00f3 a trav\u00e9s de las redes sociales que la Polic\u00eda Federal detuvo a los otros 2 hombres sindicados como integrantes de <strong><a href=\"https:\/\/hdpnoticias.com.ar\/?p=5728\">la banda que asesin\u00f3 a Umma, de 9 a\u00f1os<\/a><\/strong>, hija de uno de sus custodios, en un intento de asalto el \u00faltimo lunes.<\/p>\n\n\n\n<p>Se trata de Miguel Pastor Romero Medina, conocido como \u201cPatoto\u201d, de 21 a\u00f1os, y su hermano Guillermo Romero Medina, alias \u201cParaguayo\u201d, de 17. Estaban ocultos en una vivienda de la localidad bonaerense Marcos Paz.<\/p>\n\n\n\n<p>Estos se suman a Valent\u00edn Garc\u00eda, que fue detenido el mismo lunes, y <strong><a href=\"https:\/\/hdpnoticias.com.ar\/?p=5756\">Axel \u201cPelusa\u201d Rojas<\/a><\/strong>, de 20 a\u00f1os, atrapado este jueves en un inquilinato en San Pedro, desde donde pretend\u00eda escapar a Chaco para esconderse en la casa de sus parientes.<\/p>\n","protected":false},"excerpt":{"rendered":"<p>La ministra de Seguridad de la Naci\u00f3n: Patricia Bullrich, anunci\u00f3 a trav\u00e9s de las redes sociales que la Polic\u00eda Federal detuvo a los otros 2 hombres sindicados como integrantes de la banda que asesin\u00f3 a Umma, de 9 a\u00f1os, hija de uno de sus custodios, en un intento de asalto el \u00faltimo lunes. Se trata [&hellip;]<\/p>\n","protected":false},"author":1,"featured_media":5760,"comment_status":"open","ping_status":"open","sticky":false,"template":"","format":"standard","meta":{"footnotes":""},"categories":[26],"tags":[609,559,37,87,3002,3194,2964,3195,3192,974,3180],"class_list":["post-5759","post","type-post","status-publish","format-standard","has-post-thumbnail","hentry","category-policiales","tag-axel","tag-bullrich","tag-chaco","tag-crimen","tag-custodio","tag-ministra","tag-paraguayo","tag-patoto","tag-pelusa","tag-policia-federal","tag-umma"],"_links":{"self":[{"href":"https:\/\/hdpnoticias.com.ar\/index.php?rest_route=\/wp\/v2\/posts\/5759","targetHints":{"allow":["GET"]}}],"collection":[{"href":"https:\/\/hdpnoticias.com.ar\/index.php?rest_route=\/wp\/v2\/posts"}],"about":[{"href":"https:\/\/hdpnoticias.com.ar\/index.php?rest_route=\/wp\/v2\/types\/post"}],"author":[{"embeddable":true,"href":"https:\/\/hdpnoticias.com.ar\/index.php?rest_route=\/wp\/v2\/users\/1"}],"replies":[{"embeddable":true,"href":"https:\/\/hdpnoticias.com.ar\/index.php?rest_route=%2Fwp%2Fv2%2Fcomments&post=5759"}],"version-history":[{"count":2,"href":"https:\/\/hdpnoticias.com.ar\/index.php?rest_route=\/wp\/v2\/posts\/5759\/revisions"}],"predecessor-version":[{"id":5762,"href":"https:\/\/hdpnoticias.com.ar\/index.php?rest_route=\/wp\/v2\/posts\/5759\/revisions\/5762"}],"wp:featuredmedia":[{"embeddable":true,"href":"https:\/\/hdpnoticias.com.ar\/index.php?rest_route=\/wp\/v2\/media\/5760"}],"wp:attachment":[{"href":"https:\/\/hdpnoticias.com.ar\/index.php?rest_route=%2Fwp%2Fv2%2Fmedia&parent=5759"}],"wp:term":[{"taxonomy":"category","embeddable":true,"href":"https:\/\/hdpnoticias.com.ar\/index.php?rest_route=%2Fwp%2Fv2%2Fcategories&post=5759"},{"taxonomy":"post_tag","embeddable":true,"href":"https:\/\/hdpnoticias.com.ar\/index.php?rest_route=%2Fwp%2Fv2%2Ftags&post=5759"}],"curies":[{"name":"wp","href":"https:\/\/api.w.org\/{rel}","templated":true}]}}