{"id":5756,"date":"2024-01-25T15:53:58","date_gmt":"2024-01-25T18:53:58","guid":{"rendered":"https:\/\/hdpnoticias.com.ar\/?p=5756"},"modified":"2024-01-25T15:54:01","modified_gmt":"2024-01-25T18:54:01","slug":"crimen-de-umma-el-segundo-detenido-planeaba-escapar-a-chaco","status":"publish","type":"post","link":"https:\/\/hdpnoticias.com.ar\/?p=5756","title":{"rendered":"Crimen de Umma: el segundo detenido planeaba escapar a Chaco"},"content":{"rendered":"\n<p>La Polic\u00eda Federal detuvo este jueves en la ciudad bonaerense San Pedro a otro de los sindicados como autores del atraco en el que fue asesinada Umma, la nena de 9 a\u00f1os hija de un custodio de la ministra de Seguridad de la Naci\u00f3n: Patricia Bullrich, el \u00faltimo lunes.<\/p>\n\n\n\n<p>Se trata de Axel Emiliano \u201cPelusa\u201d Rojas, de 20 a\u00f1os, domiciliado en Villa Fiorito, que trabajara en una empresa de construcci\u00f3n y otra de seguridad privada, y durante 2023 cobrara subsidios de Anses.<\/p>\n\n\n\n<p>Se supo que tras el asesinato de Umma Pelusa y su novia buscaron refugiarse en la casa de la madre de \u00e9sta, en San Pedro, pero la mujer los rechaz\u00f3. Entonces alquilaron una habitaci\u00f3n por un mes en una vivienda particular.<\/p>\n\n\n\n<p>Se hab\u00edan presentado como reci\u00e9n llegados del Chaco para buscar trabajo. Pero en realidad pretend\u00edan hacer el camino inverso y escapar a esta provincia, donde \u00e9l tendr\u00eda parientes. Estos se suman a Valent\u00edn Garc\u00eda, detenido el mismo lunes.<\/p>\n","protected":false},"excerpt":{"rendered":"<p>La Polic\u00eda Federal detuvo este jueves en la ciudad bonaerense San Pedro a otro de los sindicados como autores del atraco en el que fue asesinada Umma, la nena de 9 a\u00f1os hija de un custodio de la ministra de Seguridad de la Naci\u00f3n: Patricia Bullrich, el \u00faltimo lunes. Se trata de Axel Emiliano \u201cPelusa\u201d [&hellip;]<\/p>\n","protected":false},"author":1,"featured_media":5757,"comment_status":"open","ping_status":"open","sticky":false,"template":"","format":"standard","meta":{"footnotes":""},"categories":[26],"tags":[275,3193,559,37,3002,3178,3194,3192,1522,839,3180],"class_list":["post-5756","post","type-post","status-publish","format-standard","has-post-thumbnail","hentry","category-policiales","tag-asesinato","tag-axeil","tag-bullrich","tag-chaco","tag-custodio","tag-fiorito","tag-ministra","tag-pelusa","tag-san-pedro","tag-seguridad","tag-umma"],"_links":{"self":[{"href":"https:\/\/hdpnoticias.com.ar\/index.php?rest_route=\/wp\/v2\/posts\/5756","targetHints":{"allow":["GET"]}}],"collection":[{"href":"https:\/\/hdpnoticias.com.ar\/index.php?rest_route=\/wp\/v2\/posts"}],"about":[{"href":"https:\/\/hdpnoticias.com.ar\/index.php?rest_route=\/wp\/v2\/types\/post"}],"author":[{"embeddable":true,"href":"https:\/\/hdpnoticias.com.ar\/index.php?rest_route=\/wp\/v2\/users\/1"}],"replies":[{"embeddable":true,"href":"https:\/\/hdpnoticias.com.ar\/index.php?rest_route=%2Fwp%2Fv2%2Fcomments&post=5756"}],"version-history":[{"count":1,"href":"https:\/\/hdpnoticias.com.ar\/index.php?rest_route=\/wp\/v2\/posts\/5756\/revisions"}],"predecessor-version":[{"id":5758,"href":"https:\/\/hdpnoticias.com.ar\/index.php?rest_route=\/wp\/v2\/posts\/5756\/revisions\/5758"}],"wp:featuredmedia":[{"embeddable":true,"href":"https:\/\/hdpnoticias.com.ar\/index.php?rest_route=\/wp\/v2\/media\/5757"}],"wp:attachment":[{"href":"https:\/\/hdpnoticias.com.ar\/index.php?rest_route=%2Fwp%2Fv2%2Fmedia&parent=5756"}],"wp:term":[{"taxonomy":"category","embeddable":true,"href":"https:\/\/hdpnoticias.com.ar\/index.php?rest_route=%2Fwp%2Fv2%2Fcategories&post=5756"},{"taxonomy":"post_tag","embeddable":true,"href":"https:\/\/hdpnoticias.com.ar\/index.php?rest_route=%2Fwp%2Fv2%2Ftags&post=5756"}],"curies":[{"name":"wp","href":"https:\/\/api.w.org\/{rel}","templated":true}]}}