{"id":5750,"date":"2024-01-24T18:45:00","date_gmt":"2024-01-24T21:45:00","guid":{"rendered":"https:\/\/hdpnoticias.com.ar\/?p=5750"},"modified":"2024-01-25T06:49:17","modified_gmt":"2024-01-25T09:49:17","slug":"3-diputados-abandonaron-union-por-la-patria-para-acercarse-a-milei","status":"publish","type":"post","link":"https:\/\/hdpnoticias.com.ar\/?p=5750","title":{"rendered":"3 diputados abandonaron Uni\u00f3n por la Patria para acercarse a Milei"},"content":{"rendered":"\n<p>En medio de la acalorada discusi\u00f3n en el Congreso entre los sectores m\u00e1s radicalizados de la oposici\u00f3n y el Gobierno por el mega DNU y la Ley \u00d3mnibus impulsadas por el presidente Javier Milei, el bloque del frente kirchnerista Uni\u00f3n por la Patria sufri\u00f3 3 bajas en Diputados.<\/p>\n\n\n\n<p>Mientras se multiplicaban en el pa\u00eds las manifestaciones contra las normas en pleno paro general, los diputados tucumanos Elia Fern\u00e1ndez, Agust\u00edn Fern\u00e1ndez y Gladys Medina, que responden al gobernador de Tucum\u00e1n Osvaldo Jaldo, pegaron un portazo y constituyeron un bloque propio: Independencia.<\/p>\n\n\n\n<p>La escisi\u00f3n se completa con un acercamiento de los legisladores al objetivo del Presidente de allanar los obst\u00e1culos para el avance de ambas normas en el Congreso. Elia Fern\u00e1ndez incluso ya vot\u00f3 en la comisi\u00f3n en l\u00ednea con el dictamen propuesto por el Gobierno.<\/p>\n","protected":false},"excerpt":{"rendered":"<p>En medio de la acalorada discusi\u00f3n en el Congreso entre los sectores m\u00e1s radicalizados de la oposici\u00f3n y el Gobierno por el mega DNU y la Ley \u00d3mnibus impulsadas por el presidente Javier Milei, el bloque del frente kirchnerista Uni\u00f3n por la Patria sufri\u00f3 3 bajas en Diputados. Mientras se multiplicaban en el pa\u00eds las [&hellip;]<\/p>\n","protected":false},"author":1,"featured_media":5751,"comment_status":"open","ping_status":"open","sticky":false,"template":"","format":"standard","meta":{"footnotes":""},"categories":[27],"tags":[71,3042,1139,1514,587,1319,3190,170,3191],"class_list":["post-5750","post","type-post","status-publish","format-standard","has-post-thumbnail","hentry","category-politica","tag-diputados","tag-dnu","tag-independencia","tag-jaldo","tag-ley","tag-milei","tag-omnibus","tag-tucuman","tag-union-por-la-patria-2"],"_links":{"self":[{"href":"https:\/\/hdpnoticias.com.ar\/index.php?rest_route=\/wp\/v2\/posts\/5750","targetHints":{"allow":["GET"]}}],"collection":[{"href":"https:\/\/hdpnoticias.com.ar\/index.php?rest_route=\/wp\/v2\/posts"}],"about":[{"href":"https:\/\/hdpnoticias.com.ar\/index.php?rest_route=\/wp\/v2\/types\/post"}],"author":[{"embeddable":true,"href":"https:\/\/hdpnoticias.com.ar\/index.php?rest_route=\/wp\/v2\/users\/1"}],"replies":[{"embeddable":true,"href":"https:\/\/hdpnoticias.com.ar\/index.php?rest_route=%2Fwp%2Fv2%2Fcomments&post=5750"}],"version-history":[{"count":1,"href":"https:\/\/hdpnoticias.com.ar\/index.php?rest_route=\/wp\/v2\/posts\/5750\/revisions"}],"predecessor-version":[{"id":5752,"href":"https:\/\/hdpnoticias.com.ar\/index.php?rest_route=\/wp\/v2\/posts\/5750\/revisions\/5752"}],"wp:featuredmedia":[{"embeddable":true,"href":"https:\/\/hdpnoticias.com.ar\/index.php?rest_route=\/wp\/v2\/media\/5751"}],"wp:attachment":[{"href":"https:\/\/hdpnoticias.com.ar\/index.php?rest_route=%2Fwp%2Fv2%2Fmedia&parent=5750"}],"wp:term":[{"taxonomy":"category","embeddable":true,"href":"https:\/\/hdpnoticias.com.ar\/index.php?rest_route=%2Fwp%2Fv2%2Fcategories&post=5750"},{"taxonomy":"post_tag","embeddable":true,"href":"https:\/\/hdpnoticias.com.ar\/index.php?rest_route=%2Fwp%2Fv2%2Ftags&post=5750"}],"curies":[{"name":"wp","href":"https:\/\/api.w.org\/{rel}","templated":true}]}}