{"id":5747,"date":"2024-01-24T18:18:00","date_gmt":"2024-01-24T21:18:00","guid":{"rendered":"https:\/\/hdpnoticias.com.ar\/?p=5747"},"modified":"2024-01-25T06:23:06","modified_gmt":"2024-01-25T09:23:06","slug":"paro-general-y-manifestaciones-contra-el-gobierno-de-milei-en-todo-el-pais","status":"publish","type":"post","link":"https:\/\/hdpnoticias.com.ar\/?p=5747","title":{"rendered":"Paro general y manifestaciones contra el gobierno de Milei en todo el pa\u00eds"},"content":{"rendered":"\n<p>Antes de cumplir un mes y medio como Presidente de la Naci\u00f3n, Javier Milei enfrent\u00f3 un paro general de la gran mayor\u00eda de los sectores sindicales y pol\u00edticos, encabezados por la CGT.<\/p>\n\n\n\n<p>La medida de fuerza fue en respuesta al avance del mega DNU presentado hace un mes y la denominada \u201cLey \u00d3mnibus\u201d que se interpretan como un embate contra los derechos de los trabajadores por los aspectos que representan la flexibilizaci\u00f3n laboral.<\/p>\n\n\n\n<p>Aunque el epicentro de la protesta se ubic\u00f3 en el capital, hubo marchas en todo el pa\u00eds, incluida la ciudad de Resistencia, de la que participaron incluso exfuncionarios del gobierno de Jorge Capitanich.<\/p>\n","protected":false},"excerpt":{"rendered":"<p>Antes de cumplir un mes y medio como Presidente de la Naci\u00f3n, Javier Milei enfrent\u00f3 un paro general de la gran mayor\u00eda de los sectores sindicales y pol\u00edticos, encabezados por la CGT. La medida de fuerza fue en respuesta al avance del mega DNU presentado hace un mes y la denominada \u201cLey \u00d3mnibus\u201d que se [&hellip;]<\/p>\n","protected":false},"author":1,"featured_media":5748,"comment_status":"open","ping_status":"open","sticky":false,"template":"","format":"standard","meta":{"footnotes":""},"categories":[26],"tags":[3189,37,3042,3081,1319,3188,49],"class_list":["post-5747","post","type-post","status-publish","format-standard","has-post-thumbnail","hentry","category-policiales","tag-cgt","tag-chaco","tag-dnu","tag-ley-omnibus","tag-milei","tag-paro-general","tag-resistencia"],"_links":{"self":[{"href":"https:\/\/hdpnoticias.com.ar\/index.php?rest_route=\/wp\/v2\/posts\/5747","targetHints":{"allow":["GET"]}}],"collection":[{"href":"https:\/\/hdpnoticias.com.ar\/index.php?rest_route=\/wp\/v2\/posts"}],"about":[{"href":"https:\/\/hdpnoticias.com.ar\/index.php?rest_route=\/wp\/v2\/types\/post"}],"author":[{"embeddable":true,"href":"https:\/\/hdpnoticias.com.ar\/index.php?rest_route=\/wp\/v2\/users\/1"}],"replies":[{"embeddable":true,"href":"https:\/\/hdpnoticias.com.ar\/index.php?rest_route=%2Fwp%2Fv2%2Fcomments&post=5747"}],"version-history":[{"count":1,"href":"https:\/\/hdpnoticias.com.ar\/index.php?rest_route=\/wp\/v2\/posts\/5747\/revisions"}],"predecessor-version":[{"id":5749,"href":"https:\/\/hdpnoticias.com.ar\/index.php?rest_route=\/wp\/v2\/posts\/5747\/revisions\/5749"}],"wp:featuredmedia":[{"embeddable":true,"href":"https:\/\/hdpnoticias.com.ar\/index.php?rest_route=\/wp\/v2\/media\/5748"}],"wp:attachment":[{"href":"https:\/\/hdpnoticias.com.ar\/index.php?rest_route=%2Fwp%2Fv2%2Fmedia&parent=5747"}],"wp:term":[{"taxonomy":"category","embeddable":true,"href":"https:\/\/hdpnoticias.com.ar\/index.php?rest_route=%2Fwp%2Fv2%2Fcategories&post=5747"},{"taxonomy":"post_tag","embeddable":true,"href":"https:\/\/hdpnoticias.com.ar\/index.php?rest_route=%2Fwp%2Fv2%2Ftags&post=5747"}],"curies":[{"name":"wp","href":"https:\/\/api.w.org\/{rel}","templated":true}]}}