{"id":5737,"date":"2024-01-23T07:20:15","date_gmt":"2024-01-23T10:20:15","guid":{"rendered":"https:\/\/hdpnoticias.com.ar\/?p=5737"},"modified":"2024-01-23T07:20:17","modified_gmt":"2024-01-23T10:20:17","slug":"cayo-maka-la-robamotos-en-la-zona-sur-de-resistencia","status":"publish","type":"post","link":"https:\/\/hdpnoticias.com.ar\/?p=5737","title":{"rendered":"Cay\u00f3 \u201cMaka la robamotos\u201d en la zona sur de Resistencia"},"content":{"rendered":"\n<p>El \u00faltimo s\u00e1bado un hombre denunci\u00f3 el robo de su motocicleta Zanella ZB, de 110cc. estacionada en la avenida Italia y la calle Brown, en pleno microcentro de Resistencia.<\/p>\n\n\n\n<p>Las c\u00e1maras de seguridad de la zona registraron el robo. As\u00ed los polic\u00edas pudieron determinar que fue perpetrado por Macarena \u201cMaka\u201d Medina, de 22 a\u00f1os, conocida por otros antecedentes penales del mismo tipo.<\/p>\n\n\n\n<p>Los investigadores supieron que el veh\u00edculo hab\u00eda sido vendido a una vecina del barrio Emerenciano, en la zona sur de Resistencia. El mediod\u00eda del lunes fueron hasta ah\u00ed y la presunta compradora de buena fe hizo entrega del mismo voluntariamente.<\/p>\n\n\n\n<p>Ante la evidencia, se dispuso la detenci\u00f3n de Maka, que fue finalmente capturada la madrugada de este martes en Duvivier al 2700, a 2 cuadras de su casa.<\/p>\n","protected":false},"excerpt":{"rendered":"<p>El \u00faltimo s\u00e1bado un hombre denunci\u00f3 el robo de su motocicleta Zanella ZB, de 110cc. estacionada en la avenida Italia y la calle Brown, en pleno microcentro de Resistencia. Las c\u00e1maras de seguridad de la zona registraron el robo. As\u00ed los polic\u00edas pudieron determinar que fue perpetrado por Macarena \u201cMaka\u201d Medina, de 22 a\u00f1os, conocida [&hellip;]<\/p>\n","protected":false},"author":1,"featured_media":5738,"comment_status":"open","ping_status":"open","sticky":false,"template":"","format":"standard","meta":{"footnotes":""},"categories":[26],"tags":[793,3185,1362,900,49,77,1690],"class_list":["post-5737","post","type-post","status-publish","format-standard","has-post-thumbnail","hentry","category-policiales","tag-emerenciano","tag-maka","tag-microcentro","tag-motos","tag-resistencia","tag-zanella","tag-zb"],"_links":{"self":[{"href":"https:\/\/hdpnoticias.com.ar\/index.php?rest_route=\/wp\/v2\/posts\/5737","targetHints":{"allow":["GET"]}}],"collection":[{"href":"https:\/\/hdpnoticias.com.ar\/index.php?rest_route=\/wp\/v2\/posts"}],"about":[{"href":"https:\/\/hdpnoticias.com.ar\/index.php?rest_route=\/wp\/v2\/types\/post"}],"author":[{"embeddable":true,"href":"https:\/\/hdpnoticias.com.ar\/index.php?rest_route=\/wp\/v2\/users\/1"}],"replies":[{"embeddable":true,"href":"https:\/\/hdpnoticias.com.ar\/index.php?rest_route=%2Fwp%2Fv2%2Fcomments&post=5737"}],"version-history":[{"count":1,"href":"https:\/\/hdpnoticias.com.ar\/index.php?rest_route=\/wp\/v2\/posts\/5737\/revisions"}],"predecessor-version":[{"id":5739,"href":"https:\/\/hdpnoticias.com.ar\/index.php?rest_route=\/wp\/v2\/posts\/5737\/revisions\/5739"}],"wp:featuredmedia":[{"embeddable":true,"href":"https:\/\/hdpnoticias.com.ar\/index.php?rest_route=\/wp\/v2\/media\/5738"}],"wp:attachment":[{"href":"https:\/\/hdpnoticias.com.ar\/index.php?rest_route=%2Fwp%2Fv2%2Fmedia&parent=5737"}],"wp:term":[{"taxonomy":"category","embeddable":true,"href":"https:\/\/hdpnoticias.com.ar\/index.php?rest_route=%2Fwp%2Fv2%2Fcategories&post=5737"},{"taxonomy":"post_tag","embeddable":true,"href":"https:\/\/hdpnoticias.com.ar\/index.php?rest_route=%2Fwp%2Fv2%2Ftags&post=5737"}],"curies":[{"name":"wp","href":"https:\/\/api.w.org\/{rel}","templated":true}]}}