{"id":5732,"date":"2024-01-22T16:24:47","date_gmt":"2024-01-22T19:24:47","guid":{"rendered":"https:\/\/hdpnoticias.com.ar\/?p=5732"},"modified":"2024-01-22T16:24:49","modified_gmt":"2024-01-22T19:24:49","slug":"murio-el-hombre-baleado-por-un-vecino-en-fontana","status":"publish","type":"post","link":"https:\/\/hdpnoticias.com.ar\/?p=5732","title":{"rendered":"Muri\u00f3 el hombre baleado por un vecino en Fontana"},"content":{"rendered":"\n<p>La siesta del pasado 17 de enero Manuel Mart\u00edn Justo Caballero, de 32 a\u00f1os, fue baleado por un vecino en su casa del barrio Querini, de Fontana.<\/p>\n\n\n\n<p>En ese momento fue asistido y trasladado al hospital local Luis Fleitas y derivado al Perrando de Resistencia con una herida de arma de fuego en el t\u00f3rax.<\/p>\n\n\n\n<p>El agresor hab\u00eda sido r\u00e1pidamente detenido y a\u00fan ten\u00eda en su poder el arma de fuego. Adem\u00e1s, reconoci\u00f3 haber disparado pero neg\u00f3 la intenci\u00f3n de asesinarlo aseverando que lo hizo \u201cpara ver qu\u00e9 onda\u201d.<\/p>\n\n\n\n<p>Finalmente Caballero muri\u00f3 alrededor de las 6:40 de hoy en el hospital Perrando. As\u00ed, la causa caratulada en principio \u201cabuso de armas y lesiones con arma de fuego\u201d, vir\u00f3 a \u201chomicidio\u201d.<\/p>\n","protected":false},"excerpt":{"rendered":"<p>La siesta del pasado 17 de enero Manuel Mart\u00edn Justo Caballero, de 32 a\u00f1os, fue baleado por un vecino en su casa del barrio Querini, de Fontana. En ese momento fue asistido y trasladado al hospital local Luis Fleitas y derivado al Perrando de Resistencia con una herida de arma de fuego en el t\u00f3rax. [&hellip;]<\/p>\n","protected":false},"author":1,"featured_media":2098,"comment_status":"open","ping_status":"open","sticky":false,"template":"","format":"standard","meta":{"footnotes":""},"categories":[26],"tags":[384,3181,75,40,3182,347],"class_list":["post-5732","post","type-post","status-publish","format-standard","has-post-thumbnail","hentry","category-policiales","tag-baleado","tag-fleitas","tag-fontana","tag-perrando","tag-vecino","tag-violencia"],"_links":{"self":[{"href":"https:\/\/hdpnoticias.com.ar\/index.php?rest_route=\/wp\/v2\/posts\/5732","targetHints":{"allow":["GET"]}}],"collection":[{"href":"https:\/\/hdpnoticias.com.ar\/index.php?rest_route=\/wp\/v2\/posts"}],"about":[{"href":"https:\/\/hdpnoticias.com.ar\/index.php?rest_route=\/wp\/v2\/types\/post"}],"author":[{"embeddable":true,"href":"https:\/\/hdpnoticias.com.ar\/index.php?rest_route=\/wp\/v2\/users\/1"}],"replies":[{"embeddable":true,"href":"https:\/\/hdpnoticias.com.ar\/index.php?rest_route=%2Fwp%2Fv2%2Fcomments&post=5732"}],"version-history":[{"count":1,"href":"https:\/\/hdpnoticias.com.ar\/index.php?rest_route=\/wp\/v2\/posts\/5732\/revisions"}],"predecessor-version":[{"id":5733,"href":"https:\/\/hdpnoticias.com.ar\/index.php?rest_route=\/wp\/v2\/posts\/5732\/revisions\/5733"}],"wp:featuredmedia":[{"embeddable":true,"href":"https:\/\/hdpnoticias.com.ar\/index.php?rest_route=\/wp\/v2\/media\/2098"}],"wp:attachment":[{"href":"https:\/\/hdpnoticias.com.ar\/index.php?rest_route=%2Fwp%2Fv2%2Fmedia&parent=5732"}],"wp:term":[{"taxonomy":"category","embeddable":true,"href":"https:\/\/hdpnoticias.com.ar\/index.php?rest_route=%2Fwp%2Fv2%2Fcategories&post=5732"},{"taxonomy":"post_tag","embeddable":true,"href":"https:\/\/hdpnoticias.com.ar\/index.php?rest_route=%2Fwp%2Fv2%2Ftags&post=5732"}],"curies":[{"name":"wp","href":"https:\/\/api.w.org\/{rel}","templated":true}]}}