{"id":5728,"date":"2024-01-22T16:03:39","date_gmt":"2024-01-22T19:03:39","guid":{"rendered":"https:\/\/hdpnoticias.com.ar\/?p=5728"},"modified":"2024-01-22T16:10:23","modified_gmt":"2024-01-22T19:10:23","slug":"asesinaron-a-la-hija-de-un-custodio-de-bullrich-en-un-asalto","status":"publish","type":"post","link":"https:\/\/hdpnoticias.com.ar\/?p=5728","title":{"rendered":"Asesinaron a la hija de un custodio de Bullrich en un asalto"},"content":{"rendered":"\n<p>Minutos antes de las 9 de este lunes Eduardo Aguilera, custodio de la ministra de Seguridad de la Naci\u00f3n: Patricia Bullrich, y su esposa, ambos polic\u00edas, sal\u00edan de su casa de Lomas de Zamora con su hija Umma, de 9 a\u00f1os, a bordo de un Ford Ka, cuando fueron abordados por un grupo de delincuentes que los interceptaron a bordo de un Toyota Corolla.<\/p>\n\n\n\n<p>La familia intent\u00f3 escapar del lugar y uno de los asaltantes dispar\u00f3 contra ellos baleando en la nuca a la nena que viajaba en el asiento trasero.<\/p>\n\n\n\n<p>Fue auxiliada y trasladada de urgencia al hospital Gandulfo y desde ah\u00ed en helic\u00f3ptero al Churruca, donde fue intervenida quir\u00fargicamente y muri\u00f3 poco despu\u00e9s.<\/p>\n\n\n\n<p>El Corolla en el que se movilizaban los asesinos apareci\u00f3 abandonado en Villa Fiorito.<\/p>\n","protected":false},"excerpt":{"rendered":"<p>Minutos antes de las 9 de este lunes Eduardo Aguilera, custodio de la ministra de Seguridad de la Naci\u00f3n: Patricia Bullrich, y su esposa, ambos polic\u00edas, sal\u00edan de su casa de Lomas de Zamora con su hija Umma, de 9 a\u00f1os, a bordo de un Ford Ka, cuando fueron abordados por un grupo de delincuentes [&hellip;]<\/p>\n","protected":false},"author":1,"featured_media":5729,"comment_status":"open","ping_status":"open","sticky":false,"template":"","format":"standard","meta":{"footnotes":""},"categories":[26],"tags":[3177,559,3176,688,3002,3178,624,1806,3179,839,390,3180],"class_list":["post-5728","post","type-post","status-publish","format-standard","has-post-thumbnail","hentry","category-policiales","tag-asalto","tag-bullrich","tag-churruca","tag-corolla","tag-custodio","tag-fiorito","tag-ford","tag-ka","tag-lomas-de-zamora","tag-seguridad","tag-toyota","tag-umma"],"_links":{"self":[{"href":"https:\/\/hdpnoticias.com.ar\/index.php?rest_route=\/wp\/v2\/posts\/5728","targetHints":{"allow":["GET"]}}],"collection":[{"href":"https:\/\/hdpnoticias.com.ar\/index.php?rest_route=\/wp\/v2\/posts"}],"about":[{"href":"https:\/\/hdpnoticias.com.ar\/index.php?rest_route=\/wp\/v2\/types\/post"}],"author":[{"embeddable":true,"href":"https:\/\/hdpnoticias.com.ar\/index.php?rest_route=\/wp\/v2\/users\/1"}],"replies":[{"embeddable":true,"href":"https:\/\/hdpnoticias.com.ar\/index.php?rest_route=%2Fwp%2Fv2%2Fcomments&post=5728"}],"version-history":[{"count":2,"href":"https:\/\/hdpnoticias.com.ar\/index.php?rest_route=\/wp\/v2\/posts\/5728\/revisions"}],"predecessor-version":[{"id":5731,"href":"https:\/\/hdpnoticias.com.ar\/index.php?rest_route=\/wp\/v2\/posts\/5728\/revisions\/5731"}],"wp:featuredmedia":[{"embeddable":true,"href":"https:\/\/hdpnoticias.com.ar\/index.php?rest_route=\/wp\/v2\/media\/5729"}],"wp:attachment":[{"href":"https:\/\/hdpnoticias.com.ar\/index.php?rest_route=%2Fwp%2Fv2%2Fmedia&parent=5728"}],"wp:term":[{"taxonomy":"category","embeddable":true,"href":"https:\/\/hdpnoticias.com.ar\/index.php?rest_route=%2Fwp%2Fv2%2Fcategories&post=5728"},{"taxonomy":"post_tag","embeddable":true,"href":"https:\/\/hdpnoticias.com.ar\/index.php?rest_route=%2Fwp%2Fv2%2Ftags&post=5728"}],"curies":[{"name":"wp","href":"https:\/\/api.w.org\/{rel}","templated":true}]}}