{"id":5718,"date":"2024-01-21T15:34:06","date_gmt":"2024-01-21T18:34:06","guid":{"rendered":"https:\/\/hdpnoticias.com.ar\/?p=5718"},"modified":"2024-01-21T15:34:11","modified_gmt":"2024-01-21T18:34:11","slug":"ninita-de-un-ano-murio-en-choque-de-motos-en-barranqueras","status":"publish","type":"post","link":"https:\/\/hdpnoticias.com.ar\/?p=5718","title":{"rendered":"Ni\u00f1ita de un a\u00f1o muri\u00f3 en choque de motos en Barranqueras"},"content":{"rendered":"\n<p>Una ni\u00f1a de un a\u00f1o y 2 meses muri\u00f3 como consecuencia de las grav\u00edsimas lesiones sufridas en un accidente de tr\u00e1nsito ocurrido la tarde del s\u00e1bado en Barranqueras.<\/p>\n\n\n\n<p>Era trasladada por su padre, de 25 a\u00f1os, y su madre de 21, en una Honda Wave de 110cc. cuando en la esquina de la avenida Edison y la calle Timb\u00f3, chocaron con una Honda de 150cc. conducida por un hombre de 33 a\u00f1os.<\/p>\n\n\n\n<p>En el impacto, la nena sufri\u00f3 traumatismo de cr\u00e1neo grave y fue trasladada de urgencia al hospital Pedi\u00e1trico. Su padre fue trasladado al Perrando con fractura de brazo y pierna izquierdos, al igual que su madre que presentaba traumatismo de cr\u00e1neo.<\/p>\n\n\n\n<p>La peque\u00f1a muri\u00f3 minutos antes de la medianoche.<\/p>\n","protected":false},"excerpt":{"rendered":"<p>Una ni\u00f1a de un a\u00f1o y 2 meses muri\u00f3 como consecuencia de las grav\u00edsimas lesiones sufridas en un accidente de tr\u00e1nsito ocurrido la tarde del s\u00e1bado en Barranqueras. Era trasladada por su padre, de 25 a\u00f1os, y su madre de 21, en una Honda Wave de 110cc. cuando en la esquina de la avenida Edison [&hellip;]<\/p>\n","protected":false},"author":1,"featured_media":2939,"comment_status":"open","ping_status":"open","sticky":false,"template":"","format":"standard","meta":{"footnotes":""},"categories":[26],"tags":[322,53,308,834,2619,445,3172,40,641,100,868,647],"class_list":["post-5718","post","type-post","status-publish","format-standard","has-post-thumbnail","hentry","category-policiales","tag-accidente","tag-barranqueras","tag-bebe","tag-edison","tag-fractura","tag-honda","tag-ninita","tag-perrando","tag-timbo","tag-tragedia","tag-traumatismo","tag-wave"],"_links":{"self":[{"href":"https:\/\/hdpnoticias.com.ar\/index.php?rest_route=\/wp\/v2\/posts\/5718","targetHints":{"allow":["GET"]}}],"collection":[{"href":"https:\/\/hdpnoticias.com.ar\/index.php?rest_route=\/wp\/v2\/posts"}],"about":[{"href":"https:\/\/hdpnoticias.com.ar\/index.php?rest_route=\/wp\/v2\/types\/post"}],"author":[{"embeddable":true,"href":"https:\/\/hdpnoticias.com.ar\/index.php?rest_route=\/wp\/v2\/users\/1"}],"replies":[{"embeddable":true,"href":"https:\/\/hdpnoticias.com.ar\/index.php?rest_route=%2Fwp%2Fv2%2Fcomments&post=5718"}],"version-history":[{"count":1,"href":"https:\/\/hdpnoticias.com.ar\/index.php?rest_route=\/wp\/v2\/posts\/5718\/revisions"}],"predecessor-version":[{"id":5719,"href":"https:\/\/hdpnoticias.com.ar\/index.php?rest_route=\/wp\/v2\/posts\/5718\/revisions\/5719"}],"wp:featuredmedia":[{"embeddable":true,"href":"https:\/\/hdpnoticias.com.ar\/index.php?rest_route=\/wp\/v2\/media\/2939"}],"wp:attachment":[{"href":"https:\/\/hdpnoticias.com.ar\/index.php?rest_route=%2Fwp%2Fv2%2Fmedia&parent=5718"}],"wp:term":[{"taxonomy":"category","embeddable":true,"href":"https:\/\/hdpnoticias.com.ar\/index.php?rest_route=%2Fwp%2Fv2%2Fcategories&post=5718"},{"taxonomy":"post_tag","embeddable":true,"href":"https:\/\/hdpnoticias.com.ar\/index.php?rest_route=%2Fwp%2Fv2%2Ftags&post=5718"}],"curies":[{"name":"wp","href":"https:\/\/api.w.org\/{rel}","templated":true}]}}