{"id":5707,"date":"2024-01-20T16:15:43","date_gmt":"2024-01-20T19:15:43","guid":{"rendered":"https:\/\/hdpnoticias.com.ar\/?p=5707"},"modified":"2024-01-20T16:16:33","modified_gmt":"2024-01-20T19:16:33","slug":"dengue-sepultaron-al-policia-que-murio-en-pinedo","status":"publish","type":"post","link":"https:\/\/hdpnoticias.com.ar\/?p=5707","title":{"rendered":"Dengue: sepultaron al polic\u00eda que muri\u00f3 en Pinedo"},"content":{"rendered":"\n<p>Alexis Sarachaga, cabo de la Polic\u00eda del Chaco, oriundo de General Pinedo, muri\u00f3 la ma\u00f1ana del viernes afectado por dengue.<\/p>\n\n\n\n<p>Prestaba servicio en la Divisi\u00f3n Infanter\u00eda, de Charata, pero desde el 4 de enero se encontraba de vacaciones.<\/p>\n\n\n\n<p>Se supo que comenz\u00f3 a experimentar s\u00edntomas de dengue el s\u00e1bado pasado pero habr\u00eda sido reticente a recibir atenci\u00f3n m\u00e9dica.<\/p>\n\n\n\n<p>Este s\u00e1bado fue sepultado en una ceremonia de la que participaron familiares y camaradas de la fuerza.<\/p>\n","protected":false},"excerpt":{"rendered":"<p>Alexis Sarachaga, cabo de la Polic\u00eda del Chaco, oriundo de General Pinedo, muri\u00f3 la ma\u00f1ana del viernes afectado por dengue. Prestaba servicio en la Divisi\u00f3n Infanter\u00eda, de Charata, pero desde el 4 de enero se encontraba de vacaciones. Se supo que comenz\u00f3 a experimentar s\u00edntomas de dengue el s\u00e1bado pasado pero habr\u00eda sido reticente a [&hellip;]<\/p>\n","protected":false},"author":1,"featured_media":5709,"comment_status":"open","ping_status":"open","sticky":false,"template":"","format":"standard","meta":{"footnotes":""},"categories":[6],"tags":[3169,91,3141,557,661,3168],"class_list":["post-5707","post","type-post","status-publish","format-standard","has-post-thumbnail","hentry","category-info-general","tag-cabo","tag-charata","tag-dengue","tag-general-pinedo","tag-infanteria","tag-sintomas"],"_links":{"self":[{"href":"https:\/\/hdpnoticias.com.ar\/index.php?rest_route=\/wp\/v2\/posts\/5707","targetHints":{"allow":["GET"]}}],"collection":[{"href":"https:\/\/hdpnoticias.com.ar\/index.php?rest_route=\/wp\/v2\/posts"}],"about":[{"href":"https:\/\/hdpnoticias.com.ar\/index.php?rest_route=\/wp\/v2\/types\/post"}],"author":[{"embeddable":true,"href":"https:\/\/hdpnoticias.com.ar\/index.php?rest_route=\/wp\/v2\/users\/1"}],"replies":[{"embeddable":true,"href":"https:\/\/hdpnoticias.com.ar\/index.php?rest_route=%2Fwp%2Fv2%2Fcomments&post=5707"}],"version-history":[{"count":2,"href":"https:\/\/hdpnoticias.com.ar\/index.php?rest_route=\/wp\/v2\/posts\/5707\/revisions"}],"predecessor-version":[{"id":5711,"href":"https:\/\/hdpnoticias.com.ar\/index.php?rest_route=\/wp\/v2\/posts\/5707\/revisions\/5711"}],"wp:featuredmedia":[{"embeddable":true,"href":"https:\/\/hdpnoticias.com.ar\/index.php?rest_route=\/wp\/v2\/media\/5709"}],"wp:attachment":[{"href":"https:\/\/hdpnoticias.com.ar\/index.php?rest_route=%2Fwp%2Fv2%2Fmedia&parent=5707"}],"wp:term":[{"taxonomy":"category","embeddable":true,"href":"https:\/\/hdpnoticias.com.ar\/index.php?rest_route=%2Fwp%2Fv2%2Fcategories&post=5707"},{"taxonomy":"post_tag","embeddable":true,"href":"https:\/\/hdpnoticias.com.ar\/index.php?rest_route=%2Fwp%2Fv2%2Ftags&post=5707"}],"curies":[{"name":"wp","href":"https:\/\/api.w.org\/{rel}","templated":true}]}}