{"id":565,"date":"2023-01-27T11:24:43","date_gmt":"2023-01-27T14:24:43","guid":{"rendered":"http:\/\/hdpnoticias.com.ar\/?p=565"},"modified":"2023-01-27T11:24:46","modified_gmt":"2023-01-27T14:24:46","slug":"una-semana-de-protestas-por-los-tarifazos-y-los-cortes-de-luz-y-agua","status":"publish","type":"post","link":"https:\/\/hdpnoticias.com.ar\/?p=565","title":{"rendered":"Una semana de protestas por los tarifazos y los cortes de luz y agua"},"content":{"rendered":"\n<p>Una concatenaci\u00f3n de manifestaciones de todo tipo en varios puntos de la provincia se dio esta semana por el incremento de las tarifas de agua corriente y energ\u00eda el\u00e9ctrica, sumado a las deficiencias en estos servicios.<\/p>\n\n\n\n<p>El lunes por la noche vecinos del barrio San Pedro Pescados, interrumpieron el tr\u00e1nsito en la cabecera del puente interprovincial General Belgrano, por un corte de luz que se extendi\u00f3 10 horas.<\/p>\n\n\n\n<p>En Presidencia Roque S\u00e1enz Pe\u00f1a, se multiplican las quejas y hasta \u201cmemes\u201d en las redes sociales por la escasez y la sospechosa calidad del agua potable provista por Sameep, que va de un color chocolate a un color \u201cplateado\u201d y los m\u00e1s diversos sabores.<\/p>\n\n\n\n<p>Tambi\u00e9n en S\u00e1enz Pe\u00f1a, un vecino se arroj\u00f3 encadenado delante de un tractor de Sameep desesperado despu\u00e9s de 3 d\u00edas sin agua.<\/p>\n\n\n\n<p>En La Verde la comunidad se congrega frente a las instalaciones de la cooperativa encargada del servicio de agua potable por la interrupci\u00f3n del servicio. Los responsables de le entidad aseguran que distribuyen la totalidad del escaso volumen que reciben.<\/p>\n\n\n\n<p>En Charata hubo una verdadera pueblada frente a las oficinas de Secheep por el exorbitante incremento en las facturas que en algunos casos rond\u00f3 el 300 por ciento.<\/p>\n","protected":false},"excerpt":{"rendered":"<p>Una concatenaci\u00f3n de manifestaciones de todo tipo en varios puntos de la provincia se dio esta semana por el incremento de las tarifas de agua corriente y energ\u00eda el\u00e9ctrica, sumado a las deficiencias en estos servicios. El lunes por la noche vecinos del barrio San Pedro Pescados, interrumpieron el tr\u00e1nsito en la cabecera del puente [&hellip;]<\/p>\n","protected":false},"author":1,"featured_media":566,"comment_status":"open","ping_status":"open","sticky":false,"template":"","format":"standard","meta":{"footnotes":""},"categories":[6],"tags":[302,91,303,305,304,49,95,118,232,306],"class_list":["post-565","post","type-post","status-publish","format-standard","has-post-thumbnail","hentry","category-info-general","tag-agua-potable","tag-charata","tag-energia","tag-la-verde","tag-puente","tag-resistencia","tag-saenz-pena","tag-sameep","tag-secheep","tag-tarifazos"],"_links":{"self":[{"href":"https:\/\/hdpnoticias.com.ar\/index.php?rest_route=\/wp\/v2\/posts\/565","targetHints":{"allow":["GET"]}}],"collection":[{"href":"https:\/\/hdpnoticias.com.ar\/index.php?rest_route=\/wp\/v2\/posts"}],"about":[{"href":"https:\/\/hdpnoticias.com.ar\/index.php?rest_route=\/wp\/v2\/types\/post"}],"author":[{"embeddable":true,"href":"https:\/\/hdpnoticias.com.ar\/index.php?rest_route=\/wp\/v2\/users\/1"}],"replies":[{"embeddable":true,"href":"https:\/\/hdpnoticias.com.ar\/index.php?rest_route=%2Fwp%2Fv2%2Fcomments&post=565"}],"version-history":[{"count":1,"href":"https:\/\/hdpnoticias.com.ar\/index.php?rest_route=\/wp\/v2\/posts\/565\/revisions"}],"predecessor-version":[{"id":567,"href":"https:\/\/hdpnoticias.com.ar\/index.php?rest_route=\/wp\/v2\/posts\/565\/revisions\/567"}],"wp:featuredmedia":[{"embeddable":true,"href":"https:\/\/hdpnoticias.com.ar\/index.php?rest_route=\/wp\/v2\/media\/566"}],"wp:attachment":[{"href":"https:\/\/hdpnoticias.com.ar\/index.php?rest_route=%2Fwp%2Fv2%2Fmedia&parent=565"}],"wp:term":[{"taxonomy":"category","embeddable":true,"href":"https:\/\/hdpnoticias.com.ar\/index.php?rest_route=%2Fwp%2Fv2%2Fcategories&post=565"},{"taxonomy":"post_tag","embeddable":true,"href":"https:\/\/hdpnoticias.com.ar\/index.php?rest_route=%2Fwp%2Fv2%2Ftags&post=565"}],"curies":[{"name":"wp","href":"https:\/\/api.w.org\/{rel}","templated":true}]}}