{"id":5633,"date":"2024-01-10T17:22:39","date_gmt":"2024-01-10T20:22:39","guid":{"rendered":"https:\/\/hdpnoticias.com.ar\/?p=5633"},"modified":"2024-01-10T17:22:41","modified_gmt":"2024-01-10T20:22:41","slug":"docentes-la-ministra-de-educacion-dice-que-preparan-una-propuesta-salarial","status":"publish","type":"post","link":"https:\/\/hdpnoticias.com.ar\/?p=5633","title":{"rendered":"Docentes: la ministra de Educaci\u00f3n dice que preparan una propuesta salarial"},"content":{"rendered":"\n<p>Trabajadores docentes aguardan el anuncio oficial del \u00edndice inflacionario de diciembre, clave para la implementaci\u00f3n del ajuste salarial por aplicaci\u00f3n de la cl\u00e1usula gatillo acordada en las paritarias 2023.<\/p>\n\n\n\n<p>Las medidas econ\u00f3micas implementadas por el Gobierno nacional tras la asunci\u00f3n presidencial de Javier Milei, empezando por la devaluaci\u00f3n, aceleraron a\u00fan m\u00e1s la inflaci\u00f3n en el \u00faltimo mes del a\u00f1o y se cree que el ritmo inflacionario se mantendr\u00e1 al menos durante el primer semestre.<\/p>\n\n\n\n<p>Esto que complic\u00f3 inmediatamente la econom\u00eda de los docentes, ahora impactar\u00e1 en las arcas la Provincia que tendr\u00e1 que actualizar los salarios al mismo ritmo, antes de abrir las paritarias 2024.<\/p>\n\n\n\n<p>\u201cDignificar el trabajo de los docentes es nuestra prioridad\u201d, dijo la ministra de Educaci\u00f3n, Cultura, Ciencia y Tecnolog\u00eda: Sof\u00eda Naidenoff, al asegurar que el gobernador Leandro Zdero y el ministro de Hacienda est\u00e1n abocados a la confecci\u00f3n de la pauta salarial de este a\u00f1o.<\/p>\n\n\n\n<p>Mientras, algunos gremios ya advirtieron que no s\u00f3lo no resignar\u00e1n la cl\u00e1usula gatillo sino que exigir\u00e1n que \u00e9sta se implemente mensualmente, para compensar la p\u00e9rdida constante de poder adquisitivo de los sueldos.<\/p>\n","protected":false},"excerpt":{"rendered":"<p>Trabajadores docentes aguardan el anuncio oficial del \u00edndice inflacionario de diciembre, clave para la implementaci\u00f3n del ajuste salarial por aplicaci\u00f3n de la cl\u00e1usula gatillo acordada en las paritarias 2023. Las medidas econ\u00f3micas implementadas por el Gobierno nacional tras la asunci\u00f3n presidencial de Javier Milei, empezando por la devaluaci\u00f3n, aceleraron a\u00fan m\u00e1s la inflaci\u00f3n en el [&hellip;]<\/p>\n","protected":false},"author":1,"featured_media":5634,"comment_status":"open","ping_status":"open","sticky":false,"template":"","format":"standard","meta":{"footnotes":""},"categories":[6],"tags":[2251,140,239,1319,3134,504,921],"class_list":["post-5633","post","type-post","status-publish","format-standard","has-post-thumbnail","hentry","category-info-general","tag-devaluacion","tag-docentes","tag-inflacion","tag-milei","tag-naidenoff","tag-salarios","tag-zdero"],"_links":{"self":[{"href":"https:\/\/hdpnoticias.com.ar\/index.php?rest_route=\/wp\/v2\/posts\/5633","targetHints":{"allow":["GET"]}}],"collection":[{"href":"https:\/\/hdpnoticias.com.ar\/index.php?rest_route=\/wp\/v2\/posts"}],"about":[{"href":"https:\/\/hdpnoticias.com.ar\/index.php?rest_route=\/wp\/v2\/types\/post"}],"author":[{"embeddable":true,"href":"https:\/\/hdpnoticias.com.ar\/index.php?rest_route=\/wp\/v2\/users\/1"}],"replies":[{"embeddable":true,"href":"https:\/\/hdpnoticias.com.ar\/index.php?rest_route=%2Fwp%2Fv2%2Fcomments&post=5633"}],"version-history":[{"count":1,"href":"https:\/\/hdpnoticias.com.ar\/index.php?rest_route=\/wp\/v2\/posts\/5633\/revisions"}],"predecessor-version":[{"id":5635,"href":"https:\/\/hdpnoticias.com.ar\/index.php?rest_route=\/wp\/v2\/posts\/5633\/revisions\/5635"}],"wp:featuredmedia":[{"embeddable":true,"href":"https:\/\/hdpnoticias.com.ar\/index.php?rest_route=\/wp\/v2\/media\/5634"}],"wp:attachment":[{"href":"https:\/\/hdpnoticias.com.ar\/index.php?rest_route=%2Fwp%2Fv2%2Fmedia&parent=5633"}],"wp:term":[{"taxonomy":"category","embeddable":true,"href":"https:\/\/hdpnoticias.com.ar\/index.php?rest_route=%2Fwp%2Fv2%2Fcategories&post=5633"},{"taxonomy":"post_tag","embeddable":true,"href":"https:\/\/hdpnoticias.com.ar\/index.php?rest_route=%2Fwp%2Fv2%2Ftags&post=5633"}],"curies":[{"name":"wp","href":"https:\/\/api.w.org\/{rel}","templated":true}]}}