{"id":5621,"date":"2024-01-09T06:27:04","date_gmt":"2024-01-09T09:27:04","guid":{"rendered":"https:\/\/hdpnoticias.com.ar\/?p=5621"},"modified":"2024-01-09T06:27:09","modified_gmt":"2024-01-09T09:27:09","slug":"aradas-habla-de-desastre-ambiental-no-podemos-resolver-el-problema-de-la-basura","status":"publish","type":"post","link":"https:\/\/hdpnoticias.com.ar\/?p=5621","title":{"rendered":"Aradas habla de desastre ambiental: No podemos resolver el problema de la basura"},"content":{"rendered":"\n<p>\u201cA partir del martes la recolecci\u00f3n de residuos ser\u00e1 normal\u201d, hab\u00eda anunciado el intendente Roy Nikisch en su discurso de asunci\u00f3n, dando por sentado que el problema que ya llevaba un par de semanas estar\u00eda resuelto en 48 horas.<\/p>\n\n\n\n<p>Un mes despu\u00e9s la situaci\u00f3n es a\u00fan peor y al servicio de recolecci\u00f3n no s\u00f3lo sigue siendo deficiente sino que pr\u00e1cticamente dej\u00f3 de prestarse, lo que se evidencia en toda la ciudad con la proliferaci\u00f3n de \u201cminibasurales\u201d.<\/p>\n\n\n\n<p>\u201cTenemos un problema muy grave\u201d, dijo el presidente del Concejo Municipal: Alejandro Aradas, entrevistado en el canal oficial Chaco TV. Y admiti\u00f3: \u201cNo podemos resolver el tema de la basura\u201d.<\/p>\n\n\n\n<p>Adem\u00e1s, diagnostic\u00f3 que la soluci\u00f3n est\u00e1 cada vez m\u00e1s lejos de las posibilidades operativas y de gesti\u00f3n de la Municipalidad, ya que la compa\u00f1\u00eda contratada para la recolecci\u00f3n, que al momento de la asunci\u00f3n de Nikisch ten\u00eda 24 camiones en servicio, hoy tiene s\u00f3lo 14, porque los dem\u00e1s sufrieron aver\u00edas que no se pueden enmendar por su alto costo.<\/p>\n\n\n\n<p>En este contexto, advirti\u00f3 que la cuesti\u00f3n de la basura en las calles podr\u00eda tener consecuencias dram\u00e1ticas: \u201cSi no resolvemos esto en 15 d\u00edas, vamos a tener un desastre ambiental\u201d, vaticin\u00f3. Un resultado que parece inminente ya que, seg\u00fan dijo, ninguna empresa acepta un trato con la Municipalidad por la alta inflaci\u00f3n y la incertidumbre e inestabilidad econ\u00f3micas.<\/p>\n\n\n\n<p>\u201cLa gente nos culpa a nosotros, y tiene raz\u00f3n\u201d, dijo, pero tambi\u00e9n le endilg\u00f3 responsabilidad a la gesti\u00f3n anterior que \u201cun mes antes dej\u00f3 de pagarle a la empresa\u201d, algo que entiende como una maniobra deliberada para complicar la sucesi\u00f3n.<\/p>\n","protected":false},"excerpt":{"rendered":"<p>\u201cA partir del martes la recolecci\u00f3n de residuos ser\u00e1 normal\u201d, hab\u00eda anunciado el intendente Roy Nikisch en su discurso de asunci\u00f3n, dando por sentado que el problema que ya llevaba un par de semanas estar\u00eda resuelto en 48 horas. Un mes despu\u00e9s la situaci\u00f3n es a\u00fan peor y al servicio de recolecci\u00f3n no s\u00f3lo sigue [&hellip;]<\/p>\n","protected":false},"author":1,"featured_media":5622,"comment_status":"open","ping_status":"open","sticky":false,"template":"","format":"standard","meta":{"footnotes":""},"categories":[27],"tags":[2815,1464,1603,1551,3131,239,835,1955,1600,49,2844],"class_list":["post-5621","post","type-post","status-publish","format-standard","has-post-thumbnail","hentry","category-politica","tag-aradas","tag-basura","tag-basurales","tag-concejo","tag-desastre","tag-inflacion","tag-municipalidad","tag-nikisch","tag-residuos","tag-resistencia","tag-roy"],"_links":{"self":[{"href":"https:\/\/hdpnoticias.com.ar\/index.php?rest_route=\/wp\/v2\/posts\/5621","targetHints":{"allow":["GET"]}}],"collection":[{"href":"https:\/\/hdpnoticias.com.ar\/index.php?rest_route=\/wp\/v2\/posts"}],"about":[{"href":"https:\/\/hdpnoticias.com.ar\/index.php?rest_route=\/wp\/v2\/types\/post"}],"author":[{"embeddable":true,"href":"https:\/\/hdpnoticias.com.ar\/index.php?rest_route=\/wp\/v2\/users\/1"}],"replies":[{"embeddable":true,"href":"https:\/\/hdpnoticias.com.ar\/index.php?rest_route=%2Fwp%2Fv2%2Fcomments&post=5621"}],"version-history":[{"count":1,"href":"https:\/\/hdpnoticias.com.ar\/index.php?rest_route=\/wp\/v2\/posts\/5621\/revisions"}],"predecessor-version":[{"id":5623,"href":"https:\/\/hdpnoticias.com.ar\/index.php?rest_route=\/wp\/v2\/posts\/5621\/revisions\/5623"}],"wp:featuredmedia":[{"embeddable":true,"href":"https:\/\/hdpnoticias.com.ar\/index.php?rest_route=\/wp\/v2\/media\/5622"}],"wp:attachment":[{"href":"https:\/\/hdpnoticias.com.ar\/index.php?rest_route=%2Fwp%2Fv2%2Fmedia&parent=5621"}],"wp:term":[{"taxonomy":"category","embeddable":true,"href":"https:\/\/hdpnoticias.com.ar\/index.php?rest_route=%2Fwp%2Fv2%2Fcategories&post=5621"},{"taxonomy":"post_tag","embeddable":true,"href":"https:\/\/hdpnoticias.com.ar\/index.php?rest_route=%2Fwp%2Fv2%2Ftags&post=5621"}],"curies":[{"name":"wp","href":"https:\/\/api.w.org\/{rel}","templated":true}]}}