{"id":5562,"date":"2024-01-02T16:20:27","date_gmt":"2024-01-02T19:20:27","guid":{"rendered":"https:\/\/hdpnoticias.com.ar\/?p=5562"},"modified":"2024-01-02T16:20:29","modified_gmt":"2024-01-02T19:20:29","slug":"detuvieron-a-un-hombre-que-robo-una-camisa-usada-en-margarita-belen","status":"publish","type":"post","link":"https:\/\/hdpnoticias.com.ar\/?p=5562","title":{"rendered":"Detuvieron a un hombre que rob\u00f3 una camisa usada en Margarita Bel\u00e9n"},"content":{"rendered":"\n<p>La ma\u00f1ana de este martes un vecino de Margarita Bel\u00e9n denunci\u00f3 que alguien violent\u00f3 la puerta de acceso a su casa y rob\u00f3 una camisa celeste que hab\u00eda utilizado en la cena de A\u00f1o Nuevo.<\/p>\n\n\n\n<p>Al descubrir la situaci\u00f3n, inspeccion\u00f3 el lugar y advirti\u00f3 tambi\u00e9n el faltante de una peque\u00f1a radio port\u00e1til AM-FM.<\/p>\n\n\n\n<p>La Polic\u00eda comenz\u00f3 a rastrear la prenda para dar con el presunto ladr\u00f3n, y lo hall\u00f3 justamente con la camisa celeste en una mano y el aparato de radio en la otra.<\/p>\n\n\n\n<p>El delincuente, de 30 a\u00f1os, fue identificado y trasladado a la comisar\u00eda local.<\/p>\n","protected":false},"excerpt":{"rendered":"<p>La ma\u00f1ana de este martes un vecino de Margarita Bel\u00e9n denunci\u00f3 que alguien violent\u00f3 la puerta de acceso a su casa y rob\u00f3 una camisa celeste que hab\u00eda utilizado en la cena de A\u00f1o Nuevo. Al descubrir la situaci\u00f3n, inspeccion\u00f3 el lugar y advirti\u00f3 tambi\u00e9n el faltante de una peque\u00f1a radio port\u00e1til AM-FM. La Polic\u00eda [&hellip;]<\/p>\n","protected":false},"author":1,"featured_media":5563,"comment_status":"open","ping_status":"open","sticky":false,"template":"","format":"standard","meta":{"footnotes":""},"categories":[26],"tags":[3105,3104,1805,3106,715,538,207],"class_list":["post-5562","post","type-post","status-publish","format-standard","has-post-thumbnail","hentry","category-policiales","tag-am","tag-camisa","tag-delincuente","tag-fm","tag-ladron","tag-margarita-belen","tag-radio"],"_links":{"self":[{"href":"https:\/\/hdpnoticias.com.ar\/index.php?rest_route=\/wp\/v2\/posts\/5562","targetHints":{"allow":["GET"]}}],"collection":[{"href":"https:\/\/hdpnoticias.com.ar\/index.php?rest_route=\/wp\/v2\/posts"}],"about":[{"href":"https:\/\/hdpnoticias.com.ar\/index.php?rest_route=\/wp\/v2\/types\/post"}],"author":[{"embeddable":true,"href":"https:\/\/hdpnoticias.com.ar\/index.php?rest_route=\/wp\/v2\/users\/1"}],"replies":[{"embeddable":true,"href":"https:\/\/hdpnoticias.com.ar\/index.php?rest_route=%2Fwp%2Fv2%2Fcomments&post=5562"}],"version-history":[{"count":1,"href":"https:\/\/hdpnoticias.com.ar\/index.php?rest_route=\/wp\/v2\/posts\/5562\/revisions"}],"predecessor-version":[{"id":5564,"href":"https:\/\/hdpnoticias.com.ar\/index.php?rest_route=\/wp\/v2\/posts\/5562\/revisions\/5564"}],"wp:featuredmedia":[{"embeddable":true,"href":"https:\/\/hdpnoticias.com.ar\/index.php?rest_route=\/wp\/v2\/media\/5563"}],"wp:attachment":[{"href":"https:\/\/hdpnoticias.com.ar\/index.php?rest_route=%2Fwp%2Fv2%2Fmedia&parent=5562"}],"wp:term":[{"taxonomy":"category","embeddable":true,"href":"https:\/\/hdpnoticias.com.ar\/index.php?rest_route=%2Fwp%2Fv2%2Fcategories&post=5562"},{"taxonomy":"post_tag","embeddable":true,"href":"https:\/\/hdpnoticias.com.ar\/index.php?rest_route=%2Fwp%2Fv2%2Ftags&post=5562"}],"curies":[{"name":"wp","href":"https:\/\/api.w.org\/{rel}","templated":true}]}}