{"id":5516,"date":"2023-12-28T21:59:57","date_gmt":"2023-12-29T00:59:57","guid":{"rendered":"https:\/\/hdpnoticias.com.ar\/?p=5516"},"modified":"2023-12-28T21:59:58","modified_gmt":"2023-12-29T00:59:58","slug":"secheep-debe-310-000-millones-de-pesos-a-cammesa","status":"publish","type":"post","link":"https:\/\/hdpnoticias.com.ar\/?p=5516","title":{"rendered":"Secheep debe 310.000 millones de pesos a Cammesa"},"content":{"rendered":"\n<p>El Directorio de Secheep, encabezado por su presidente: Jos\u00e9 Bistoletti, describi\u00f3 la realidad de la compa\u00f1\u00eda, empezando por la descomunal deuda que mantiene con la proveedora Compa\u00f1\u00eda Argentina del Mercado Mayorista El\u00e9ctrico (Cammesa), que asciende a 310.000.000.000 pesos.<\/p>\n\n\n\n<p>Esto es el resultado de la suma de vencimientos acumulados durante toda la gobernaci\u00f3n de Jorge Capitanich, que adem\u00e1s incumpli\u00f3 los pagos del convenio firmado por su antecesor Domingo Peppo. En cambio, la gesti\u00f3n anterior acord\u00f3 con la Naci\u00f3n y Cammesa un nuevo convenio extendido a lo largo de 8 a\u00f1os, que acaba de entrar en vigencia, y que podr\u00eda caerse si las nuevas facturas no son abonadas en t\u00e9rmino.<\/p>\n\n\n\n<p>El funcionario describi\u00f3 que la situaci\u00f3n es sumamente complicada y que el convenio por la deuda no s\u00f3lo compromete a la presente gesti\u00f3n sino tambi\u00e9n a la pr\u00f3xima.<\/p>\n\n\n\n<p>Paralelamente, destac\u00f3 la falta de inversiones en equipamiento y materiales para el mantenimiento de la red en toda la provincia, lo que podr\u00eda redundar en complicaciones durante el verano por el incremento del consumo. Para atenuar esto, la Provincia intenta la adquisici\u00f3n de transformadores y otros equipos cuya reposici\u00f3n se incrementa en esta \u00e9poca del a\u00f1o.<\/p>\n","protected":false},"excerpt":{"rendered":"<p>El Directorio de Secheep, encabezado por su presidente: Jos\u00e9 Bistoletti, describi\u00f3 la realidad de la compa\u00f1\u00eda, empezando por la descomunal deuda que mantiene con la proveedora Compa\u00f1\u00eda Argentina del Mercado Mayorista El\u00e9ctrico (Cammesa), que asciende a 310.000.000.000 pesos. Esto es el resultado de la suma de vencimientos acumulados durante toda la gobernaci\u00f3n de Jorge Capitanich, [&hellip;]<\/p>\n","protected":false},"author":1,"featured_media":5517,"comment_status":"open","ping_status":"open","sticky":false,"template":"","format":"standard","meta":{"footnotes":""},"categories":[6],"tags":[297,29,1099,2759,168,241,2822],"class_list":["post-5516","post","type-post","status-publish","format-standard","has-post-thumbnail","hentry","category-info-general","tag-cammesa","tag-capitanich","tag-deuda","tag-gestion","tag-nacion","tag-peppo","tag-transformadores"],"_links":{"self":[{"href":"https:\/\/hdpnoticias.com.ar\/index.php?rest_route=\/wp\/v2\/posts\/5516","targetHints":{"allow":["GET"]}}],"collection":[{"href":"https:\/\/hdpnoticias.com.ar\/index.php?rest_route=\/wp\/v2\/posts"}],"about":[{"href":"https:\/\/hdpnoticias.com.ar\/index.php?rest_route=\/wp\/v2\/types\/post"}],"author":[{"embeddable":true,"href":"https:\/\/hdpnoticias.com.ar\/index.php?rest_route=\/wp\/v2\/users\/1"}],"replies":[{"embeddable":true,"href":"https:\/\/hdpnoticias.com.ar\/index.php?rest_route=%2Fwp%2Fv2%2Fcomments&post=5516"}],"version-history":[{"count":1,"href":"https:\/\/hdpnoticias.com.ar\/index.php?rest_route=\/wp\/v2\/posts\/5516\/revisions"}],"predecessor-version":[{"id":5518,"href":"https:\/\/hdpnoticias.com.ar\/index.php?rest_route=\/wp\/v2\/posts\/5516\/revisions\/5518"}],"wp:featuredmedia":[{"embeddable":true,"href":"https:\/\/hdpnoticias.com.ar\/index.php?rest_route=\/wp\/v2\/media\/5517"}],"wp:attachment":[{"href":"https:\/\/hdpnoticias.com.ar\/index.php?rest_route=%2Fwp%2Fv2%2Fmedia&parent=5516"}],"wp:term":[{"taxonomy":"category","embeddable":true,"href":"https:\/\/hdpnoticias.com.ar\/index.php?rest_route=%2Fwp%2Fv2%2Fcategories&post=5516"},{"taxonomy":"post_tag","embeddable":true,"href":"https:\/\/hdpnoticias.com.ar\/index.php?rest_route=%2Fwp%2Fv2%2Ftags&post=5516"}],"curies":[{"name":"wp","href":"https:\/\/api.w.org\/{rel}","templated":true}]}}