{"id":5399,"date":"2023-12-16T09:35:00","date_gmt":"2023-12-16T12:35:00","guid":{"rendered":"https:\/\/hdpnoticias.com.ar\/?p=5399"},"modified":"2023-12-16T15:39:12","modified_gmt":"2023-12-16T18:39:12","slug":"exfuncionarios-de-capitanich-se-refugian-en-la-legislatura","status":"publish","type":"post","link":"https:\/\/hdpnoticias.com.ar\/?p=5399","title":{"rendered":"Exfuncionarios de Capitanich se refugian en la Legislatura"},"content":{"rendered":"\n<p>El diputado provincial Santiago P\u00e9rez Pons, exministro de Planificaci\u00f3n, Econom\u00eda e Infraestructura, aspiraba a presidir el Poder Legislativo del Chaco ante la eventual reelecci\u00f3n de Jorge Capitanich como gobernador.<\/p>\n\n\n\n<p>Pero el resultado electoral no cooper\u00f3 con el plan: la derrota del Frente Chaque\u00f1o lo mand\u00f3 a ocupar una banca m\u00e1s, y a Capitanich al llano.<\/p>\n\n\n\n<p>El \u00faltimo viernes, para cerrar su primera semana en la Legislatura, acogi\u00f3 a otro funcionario de la gesti\u00f3n en el ahora bloque opositor: solicit\u00f3 a la presidente Carmen Delgado, la incorporaci\u00f3n como personal de gabinete del expresidente del Instituto de Agricultura Familiar y Econom\u00eda Popular: Carlos Mauricio Andi\u00f3n.<\/p>\n\n\n\n<p>Antes de recalar en el Gobierno provincial, Andi\u00f3n fue funcionario de la Municipalidad de Pampa del Infierno y presidente del Concejo durante la intendencia de su padre: Carlos Andi\u00f3n, y perdi\u00f3 las elecciones como candidato a intendente en 2019.<\/p>\n","protected":false},"excerpt":{"rendered":"<p>El diputado provincial Santiago P\u00e9rez Pons, exministro de Planificaci\u00f3n, Econom\u00eda e Infraestructura, aspiraba a presidir el Poder Legislativo del Chaco ante la eventual reelecci\u00f3n de Jorge Capitanich como gobernador. Pero el resultado electoral no cooper\u00f3 con el plan: la derrota del Frente Chaque\u00f1o lo mand\u00f3 a ocupar una banca m\u00e1s, y a Capitanich al llano. [&hellip;]<\/p>\n","protected":false},"author":1,"featured_media":5400,"comment_status":"open","ping_status":"open","sticky":false,"template":"","format":"standard","meta":{"footnotes":""},"categories":[27],"tags":[2575,29,434,1052,36,45,594,235],"class_list":["post-5399","post","type-post","status-publish","format-standard","has-post-thumbnail","hentry","category-politica","tag-andion","tag-capitanich","tag-economia","tag-frente-chaqueno","tag-gobierno","tag-legislatura","tag-pampa-del-infierno","tag-perez-pons"],"_links":{"self":[{"href":"https:\/\/hdpnoticias.com.ar\/index.php?rest_route=\/wp\/v2\/posts\/5399","targetHints":{"allow":["GET"]}}],"collection":[{"href":"https:\/\/hdpnoticias.com.ar\/index.php?rest_route=\/wp\/v2\/posts"}],"about":[{"href":"https:\/\/hdpnoticias.com.ar\/index.php?rest_route=\/wp\/v2\/types\/post"}],"author":[{"embeddable":true,"href":"https:\/\/hdpnoticias.com.ar\/index.php?rest_route=\/wp\/v2\/users\/1"}],"replies":[{"embeddable":true,"href":"https:\/\/hdpnoticias.com.ar\/index.php?rest_route=%2Fwp%2Fv2%2Fcomments&post=5399"}],"version-history":[{"count":1,"href":"https:\/\/hdpnoticias.com.ar\/index.php?rest_route=\/wp\/v2\/posts\/5399\/revisions"}],"predecessor-version":[{"id":5401,"href":"https:\/\/hdpnoticias.com.ar\/index.php?rest_route=\/wp\/v2\/posts\/5399\/revisions\/5401"}],"wp:featuredmedia":[{"embeddable":true,"href":"https:\/\/hdpnoticias.com.ar\/index.php?rest_route=\/wp\/v2\/media\/5400"}],"wp:attachment":[{"href":"https:\/\/hdpnoticias.com.ar\/index.php?rest_route=%2Fwp%2Fv2%2Fmedia&parent=5399"}],"wp:term":[{"taxonomy":"category","embeddable":true,"href":"https:\/\/hdpnoticias.com.ar\/index.php?rest_route=%2Fwp%2Fv2%2Fcategories&post=5399"},{"taxonomy":"post_tag","embeddable":true,"href":"https:\/\/hdpnoticias.com.ar\/index.php?rest_route=%2Fwp%2Fv2%2Ftags&post=5399"}],"curies":[{"name":"wp","href":"https:\/\/api.w.org\/{rel}","templated":true}]}}