{"id":536,"date":"2023-01-25T10:37:12","date_gmt":"2023-01-25T13:37:12","guid":{"rendered":"http:\/\/hdpnoticias.com.ar\/?p=536"},"modified":"2023-01-25T10:37:15","modified_gmt":"2023-01-25T13:37:15","slug":"bacileff-ivanoff-en-este-gobierno-no-falla-el-equipo-sino-el-conductor","status":"publish","type":"post","link":"https:\/\/hdpnoticias.com.ar\/?p=536","title":{"rendered":"Bacileff Ivanoff: En este gobierno no falla el equipo sino el conductor"},"content":{"rendered":"\n<p>El vicegobernador Juan Carlos Bacileff Ivanoff, que secund\u00f3 a Jorge Capitanich en sus dos primeros per\u00edodos al frente de la Provincia, volvi\u00f3 a marcar diferencias con \u00e9l.<\/p>\n\n\n\n<p>Por un lado, le atribuy\u00f3 la proliferaci\u00f3n de movimientos sociales desde 2007, lo que se traduce en una alta conflictividad social por los recurrentes protestas con marchas y piquetes que impiden la circulaci\u00f3n en calles y rutas de toda la provincia, principalmente en el microcentro de Resistencia.<\/p>\n\n\n\n<p>\u201cMuchos de los que se dicen peronistas lo \u00fanico que hacen es contribuir al pobrismo\u201d, dijo, entrevistado por Norte, al analizar que \u201clos planes sociales llegaron como una ayuda\u201d en un momento de crisis, peo que se convirtieron en \u201cuna herramienta del clientelismo\u201d.<\/p>\n\n\n\n<p>Para dimensionar la situaci\u00f3n, calcul\u00f3 que cuando \u00e9l dej\u00f3 la vicegobernaci\u00f3n, hace algo m\u00e1s de 7 a\u00f1os, hab\u00eda 30 movimientos sociales y \u201choy son m\u00e1s de 400\u201d.<\/p>\n\n\n\n<p>Esto, para \u00e9l, evidencia el fracaso de la gesti\u00f3n, resultado que le atribuy\u00f3 a Capitanich: \u201cEn este gobierno lo que falla no es el equipo, sino el conductor\u201d, asever\u00f3 al se\u00f1alar que es el Gobernador quien conforma el equipo.<\/p>\n\n\n\n<p>En varias oportunidades, el mismo Capitanich admiti\u00f3 que su gabinete no estaba a la altura de las circunstancias, por su juventud y la falta de experiencia.<\/p>\n\n\n\n<p>Pero Bacileff Ivanoff tambi\u00e9n se\u00f1al\u00f3 funcionarios mayores y experimentados, recordando que \u201calgunos\u201d a los que \u00e9l ech\u00f3 cuando qued\u00f3 al frente del Poder Ejecutivo, y que despu\u00e9s enfrentaron juicios de cuentas por la falta de rendici\u00f3n de sumas millonarias en su gesti\u00f3n, fueron convocados nuevamente por Capitanich y &nbsp;hoy ocupan cargos importantes.<\/p>\n\n\n\n<p>Aunque t\u00e1citamente, la alusi\u00f3n apuntaba a Francisco Romero, entonces ministro de Educaci\u00f3n que ahora se desempe\u00f1a como presidente el Instituto de Cultura.<\/p>\n","protected":false},"excerpt":{"rendered":"<p>El vicegobernador Juan Carlos Bacileff Ivanoff, que secund\u00f3 a Jorge Capitanich en sus dos primeros per\u00edodos al frente de la Provincia, volvi\u00f3 a marcar diferencias con \u00e9l. Por un lado, le atribuy\u00f3 la proliferaci\u00f3n de movimientos sociales desde 2007, lo que se traduce en una alta conflictividad social por los recurrentes protestas con marchas y [&hellip;]<\/p>\n","protected":false},"author":1,"featured_media":538,"comment_status":"open","ping_status":"open","sticky":false,"template":"","format":"standard","meta":{"footnotes":""},"categories":[27],"tags":[243,29,266,263,262,267,264,244,265,261],"class_list":["post-536","post","type-post","status-publish","format-standard","has-post-thumbnail","hentry","category-politica","tag-bacileff-ivanoff","tag-capitanich","tag-clientelismo","tag-cultura","tag-educacion","tag-frente-integrador","tag-gabinete","tag-gobernador","tag-piqueteros","tag-romero"],"_links":{"self":[{"href":"https:\/\/hdpnoticias.com.ar\/index.php?rest_route=\/wp\/v2\/posts\/536","targetHints":{"allow":["GET"]}}],"collection":[{"href":"https:\/\/hdpnoticias.com.ar\/index.php?rest_route=\/wp\/v2\/posts"}],"about":[{"href":"https:\/\/hdpnoticias.com.ar\/index.php?rest_route=\/wp\/v2\/types\/post"}],"author":[{"embeddable":true,"href":"https:\/\/hdpnoticias.com.ar\/index.php?rest_route=\/wp\/v2\/users\/1"}],"replies":[{"embeddable":true,"href":"https:\/\/hdpnoticias.com.ar\/index.php?rest_route=%2Fwp%2Fv2%2Fcomments&post=536"}],"version-history":[{"count":1,"href":"https:\/\/hdpnoticias.com.ar\/index.php?rest_route=\/wp\/v2\/posts\/536\/revisions"}],"predecessor-version":[{"id":539,"href":"https:\/\/hdpnoticias.com.ar\/index.php?rest_route=\/wp\/v2\/posts\/536\/revisions\/539"}],"wp:featuredmedia":[{"embeddable":true,"href":"https:\/\/hdpnoticias.com.ar\/index.php?rest_route=\/wp\/v2\/media\/538"}],"wp:attachment":[{"href":"https:\/\/hdpnoticias.com.ar\/index.php?rest_route=%2Fwp%2Fv2%2Fmedia&parent=536"}],"wp:term":[{"taxonomy":"category","embeddable":true,"href":"https:\/\/hdpnoticias.com.ar\/index.php?rest_route=%2Fwp%2Fv2%2Fcategories&post=536"},{"taxonomy":"post_tag","embeddable":true,"href":"https:\/\/hdpnoticias.com.ar\/index.php?rest_route=%2Fwp%2Fv2%2Ftags&post=536"}],"curies":[{"name":"wp","href":"https:\/\/api.w.org\/{rel}","templated":true}]}}