{"id":5334,"date":"2023-12-10T20:15:00","date_gmt":"2023-12-10T23:15:00","guid":{"rendered":"https:\/\/hdpnoticias.com.ar\/?p=5334"},"modified":"2023-12-11T05:20:55","modified_gmt":"2023-12-11T08:20:55","slug":"nikisch-intendente-de-resistencia-prometio-dialogo-y-austeridad","status":"publish","type":"post","link":"https:\/\/hdpnoticias.com.ar\/?p=5334","title":{"rendered":"Nikisch intendente de Resistencia: prometi\u00f3 di\u00e1logo y austeridad"},"content":{"rendered":"\n<p>El exgobernador y exvicegobernador Roy Nikisch, exsenador, exdiputado provincial, que tambi\u00e9n fue ministro de Gobierno e intendente de Tres Isletas, asumi\u00f3 este domingo como intendente de Resistencia.<\/p>\n\n\n\n<p>El acto tuvo lugar en el Domo del Centenario, donde tambi\u00e9n ocuparon su lugar el nuevo presidente del Concejo Municipal: Alejandro Aradas, y el cuerpo de concejales.<\/p>\n\n\n\n<p>Nikisch dijo conocer la realidad de los resistencianos, pero que a\u00fan no tiene conocimiento de la realidad de la Municipalidad, sobre la que indagar\u00e1 inmediatamente para darla a conocer a la sociedad.<\/p>\n\n\n\n<p>En el mismo tono prometi\u00f3 abocarse desde el primer momento a resolver los problemas m\u00e1s urgentes, para lo que advirti\u00f3 que todos los actores tendr\u00e1n que involucrarse, en un marco de di\u00e1logo y consenso.<\/p>\n\n\n\n<p>Para \u00e9l, \u201cel intendente y los concejales son la pata pol\u00edtica de la gesti\u00f3n\u201d que tiene tambi\u00e9n otro 2 apoyos fundamentales: los trabajadores municipales y los vecinos, todos imprescindible para lograr el equilibrio.<\/p>\n\n\n\n<p>Por su parte, asegur\u00f3 que su gobierno buscar\u00e1 la mayor eficiencia posible con austeridad y honestidad, en un marco de di\u00e1logo.<\/p>\n","protected":false},"excerpt":{"rendered":"<p>El exgobernador y exvicegobernador Roy Nikisch, exsenador, exdiputado provincial, que tambi\u00e9n fue ministro de Gobierno e intendente de Tres Isletas, asumi\u00f3 este domingo como intendente de Resistencia. El acto tuvo lugar en el Domo del Centenario, donde tambi\u00e9n ocuparon su lugar el nuevo presidente del Concejo Municipal: Alejandro Aradas, y el cuerpo de concejales. Nikisch [&hellip;]<\/p>\n","protected":false},"author":1,"featured_media":5335,"comment_status":"open","ping_status":"open","sticky":false,"template":"","format":"standard","meta":{"footnotes":""},"categories":[27],"tags":[2815,682,244,1400,1955,49,2844,1399,319,961],"class_list":["post-5334","post","type-post","status-publish","format-standard","has-post-thumbnail","hentry","category-politica","tag-aradas","tag-diputado","tag-gobernador","tag-intendente","tag-nikisch","tag-resistencia","tag-roy","tag-senador","tag-tres-isletas","tag-vicegobernador"],"_links":{"self":[{"href":"https:\/\/hdpnoticias.com.ar\/index.php?rest_route=\/wp\/v2\/posts\/5334","targetHints":{"allow":["GET"]}}],"collection":[{"href":"https:\/\/hdpnoticias.com.ar\/index.php?rest_route=\/wp\/v2\/posts"}],"about":[{"href":"https:\/\/hdpnoticias.com.ar\/index.php?rest_route=\/wp\/v2\/types\/post"}],"author":[{"embeddable":true,"href":"https:\/\/hdpnoticias.com.ar\/index.php?rest_route=\/wp\/v2\/users\/1"}],"replies":[{"embeddable":true,"href":"https:\/\/hdpnoticias.com.ar\/index.php?rest_route=%2Fwp%2Fv2%2Fcomments&post=5334"}],"version-history":[{"count":1,"href":"https:\/\/hdpnoticias.com.ar\/index.php?rest_route=\/wp\/v2\/posts\/5334\/revisions"}],"predecessor-version":[{"id":5336,"href":"https:\/\/hdpnoticias.com.ar\/index.php?rest_route=\/wp\/v2\/posts\/5334\/revisions\/5336"}],"wp:featuredmedia":[{"embeddable":true,"href":"https:\/\/hdpnoticias.com.ar\/index.php?rest_route=\/wp\/v2\/media\/5335"}],"wp:attachment":[{"href":"https:\/\/hdpnoticias.com.ar\/index.php?rest_route=%2Fwp%2Fv2%2Fmedia&parent=5334"}],"wp:term":[{"taxonomy":"category","embeddable":true,"href":"https:\/\/hdpnoticias.com.ar\/index.php?rest_route=%2Fwp%2Fv2%2Fcategories&post=5334"},{"taxonomy":"post_tag","embeddable":true,"href":"https:\/\/hdpnoticias.com.ar\/index.php?rest_route=%2Fwp%2Fv2%2Ftags&post=5334"}],"curies":[{"name":"wp","href":"https:\/\/api.w.org\/{rel}","templated":true}]}}