{"id":5328,"date":"2023-12-10T16:00:41","date_gmt":"2023-12-10T19:00:41","guid":{"rendered":"https:\/\/hdpnoticias.com.ar\/?p=5328"},"modified":"2023-12-10T16:00:44","modified_gmt":"2023-12-10T19:00:44","slug":"milei-presidente-decretamos-el-fin-de-la-noche-populista","status":"publish","type":"post","link":"https:\/\/hdpnoticias.com.ar\/?p=5328","title":{"rendered":"Milei presidente: Decretamos el fin de la noche populista"},"content":{"rendered":"\n<p>Javier Milei asumi\u00f3 como Presidente de la Naci\u00f3n ante la Asamblea Legislativa este domingo, el d\u00eda del 40\u00b0 aniversario de la reinstauraci\u00f3n de la democracia.<\/p>\n\n\n\n<p>Al contrario de su ausencia en la asunci\u00f3n de su sucesor Mauricio Macri en 2015, esta vez como cepresidente saliente: Cristina Fern\u00e1ndez, encabez\u00f3 el encuentro en el Congreso y tom\u00f3 juramento a Milei y la vicepresidente Victoria Villarroel.<\/p>\n\n\n\n<p>El presidente saliente Alberto Fern\u00e1ndez ingres\u00f3 luego para cederle los atributos del cargo: banda y bast\u00f3n presidenciales.<\/p>\n\n\n\n<p>Desde los balcones del recinto de sesiones bajaba el canto \u201c\u00a1Li-ber-tad, li-ber-tad!\u201d. La exclamaci\u00f3n se repiti\u00f3 en cada intervalo del acto, en gran parte alentada por el propio Milei.<\/p>\n\n\n\n<p>Despu\u00e9s, el flamante Presidente habl\u00f3 al pueblo desde la explanada del Congreso, donde expuso los principales ejes de su plan de gobierno y advirti\u00f3 que habr\u00e1 que hacer un esfuerzo en lo inmediato para comenzar \u201cla recuperaci\u00f3n de Argentina despu\u00e9s de 100 a\u00f1os de decadencia\u201d.<\/p>\n\n\n\n<p>En el siguiente paso sali\u00f3 al balc\u00f3n de la Casa Rosada donde repiti\u00f3 los conceptos y areng\u00f3 a la multitud reunida en la Plaza de Mayo: \u201cNo hay d\u00eda que no haya derrotado a la noche. Y los argentinos hemos decretado el fin de la noche populista\u201d.<\/p>\n\n\n\n<p>El presidente de Ucrania: Volodomir Zelensky, el rey Felipe VI de Espa\u00f1a, y los presidentes Vahagn Jachaturi\u00e1n, de Armenia; Gabriel Boric, de Chile; Luis Lacalle, de Uruguay; Santiago Pe\u00f1a, de Paraguay; Daniel Noboa, de Ecuador; el canciller brasile\u00f1o Mauro Vieira: y una delegaci\u00f3n de enviados por el presidente Joe Biden encabezada por la secretaria de Energ\u00eda, Jennifer Granholm, fueron las figuras internacionales m\u00e1s destacadas en la jura de Javier Milei.<\/p>\n","protected":false},"excerpt":{"rendered":"<p>Javier Milei asumi\u00f3 como Presidente de la Naci\u00f3n ante la Asamblea Legislativa este domingo, el d\u00eda del 40\u00b0 aniversario de la reinstauraci\u00f3n de la democracia. Al contrario de su ausencia en la asunci\u00f3n de su sucesor Mauricio Macri en 2015, esta vez como cepresidente saliente: Cristina Fern\u00e1ndez, encabez\u00f3 el encuentro en el Congreso y tom\u00f3 [&hellip;]<\/p>\n","protected":false},"author":1,"featured_media":5329,"comment_status":"open","ping_status":"open","sticky":false,"template":"","format":"standard","meta":{"footnotes":""},"categories":[27],"tags":[68,259,2995,251,453,2440,314,195,1319,1408,454,1003,2994],"class_list":{"0":"post-5328","1":"post","2":"type-post","3":"status-publish","4":"format-standard","5":"has-post-thumbnail","6":"hentry","7":"category-politica","8":"tag-alberto","9":"tag-argentina","10":"tag-boric","11":"tag-congreso","12":"tag-cristina","14":"tag-lacalle-pou","15":"tag-macri","16":"tag-milei","17":"tag-pena","18":"tag-presidente","19":"tag-rey","20":"tag-zelensky"},"_links":{"self":[{"href":"https:\/\/hdpnoticias.com.ar\/index.php?rest_route=\/wp\/v2\/posts\/5328","targetHints":{"allow":["GET"]}}],"collection":[{"href":"https:\/\/hdpnoticias.com.ar\/index.php?rest_route=\/wp\/v2\/posts"}],"about":[{"href":"https:\/\/hdpnoticias.com.ar\/index.php?rest_route=\/wp\/v2\/types\/post"}],"author":[{"embeddable":true,"href":"https:\/\/hdpnoticias.com.ar\/index.php?rest_route=\/wp\/v2\/users\/1"}],"replies":[{"embeddable":true,"href":"https:\/\/hdpnoticias.com.ar\/index.php?rest_route=%2Fwp%2Fv2%2Fcomments&post=5328"}],"version-history":[{"count":1,"href":"https:\/\/hdpnoticias.com.ar\/index.php?rest_route=\/wp\/v2\/posts\/5328\/revisions"}],"predecessor-version":[{"id":5330,"href":"https:\/\/hdpnoticias.com.ar\/index.php?rest_route=\/wp\/v2\/posts\/5328\/revisions\/5330"}],"wp:featuredmedia":[{"embeddable":true,"href":"https:\/\/hdpnoticias.com.ar\/index.php?rest_route=\/wp\/v2\/media\/5329"}],"wp:attachment":[{"href":"https:\/\/hdpnoticias.com.ar\/index.php?rest_route=%2Fwp%2Fv2%2Fmedia&parent=5328"}],"wp:term":[{"taxonomy":"category","embeddable":true,"href":"https:\/\/hdpnoticias.com.ar\/index.php?rest_route=%2Fwp%2Fv2%2Fcategories&post=5328"},{"taxonomy":"post_tag","embeddable":true,"href":"https:\/\/hdpnoticias.com.ar\/index.php?rest_route=%2Fwp%2Fv2%2Ftags&post=5328"}],"curies":[{"name":"wp","href":"https:\/\/api.w.org\/{rel}","templated":true}]}}