{"id":5325,"date":"2023-12-09T19:30:00","date_gmt":"2023-12-09T22:30:00","guid":{"rendered":"https:\/\/hdpnoticias.com.ar\/?p=5325"},"modified":"2023-12-09T21:40:30","modified_gmt":"2023-12-10T00:40:30","slug":"rodas-se-bajo-de-la-intendencia-y-habra-otra-eleccion-en-fontana","status":"publish","type":"post","link":"https:\/\/hdpnoticias.com.ar\/?p=5325","title":{"rendered":"Rodas se baj\u00f3 de la intendencia y habr\u00e1 otra elecci\u00f3n en Fontana"},"content":{"rendered":"\n<p>El senador Antonio Rodas present\u00f3 este s\u00e1bado su renuncia a la intendencia de Fontana, cargo que hab\u00eda obtenido en las \u00faltimas elecciones y en el que deb\u00eda suceder a su hermana Patricia.<\/p>\n\n\n\n<p>Lo hizo a trav\u00e9s de una nota dirigida al presidente del Concejo Municipal: Ricardo Sosa, en la que fundament\u00f3 su decisi\u00f3n en \u201cproblemas de salud sobrevinientes\u201d, sin mayor explicaci\u00f3n.<\/p>\n\n\n\n<p>No obstante su estado de salud, continuar\u00e1 ejerciendo la senadur\u00eda hasta la finalizaci\u00f3n de su mandato en 2025.<\/p>\n\n\n\n<p>El estado de acefal\u00eda en el que entrar\u00e1 Fontana este domingo a la hora del recambio de autoridades, obliga al presidente del Concejo a asumir el cargo de manera interina y le impone un plazo de 5 d\u00edas para convocar a elecciones que tendr\u00e1n que desarrollarse dentro de los pr\u00f3ximos 2 meses.<\/p>\n\n\n\n<p><\/p>\n","protected":false},"excerpt":{"rendered":"<p>El senador Antonio Rodas present\u00f3 este s\u00e1bado su renuncia a la intendencia de Fontana, cargo que hab\u00eda obtenido en las \u00faltimas elecciones y en el que deb\u00eda suceder a su hermana Patricia. Lo hizo a trav\u00e9s de una nota dirigida al presidente del Concejo Municipal: Ricardo Sosa, en la que fundament\u00f3 su decisi\u00f3n en \u201cproblemas [&hellip;]<\/p>\n","protected":false},"author":1,"featured_media":5326,"comment_status":"open","ping_status":"open","sticky":false,"template":"","format":"standard","meta":{"footnotes":""},"categories":[27],"tags":[246,75,1400,2169,601,1399],"class_list":["post-5325","post","type-post","status-publish","format-standard","has-post-thumbnail","hentry","category-politica","tag-elecciones","tag-fontana","tag-intendente","tag-renuncia","tag-rodas","tag-senador"],"_links":{"self":[{"href":"https:\/\/hdpnoticias.com.ar\/index.php?rest_route=\/wp\/v2\/posts\/5325","targetHints":{"allow":["GET"]}}],"collection":[{"href":"https:\/\/hdpnoticias.com.ar\/index.php?rest_route=\/wp\/v2\/posts"}],"about":[{"href":"https:\/\/hdpnoticias.com.ar\/index.php?rest_route=\/wp\/v2\/types\/post"}],"author":[{"embeddable":true,"href":"https:\/\/hdpnoticias.com.ar\/index.php?rest_route=\/wp\/v2\/users\/1"}],"replies":[{"embeddable":true,"href":"https:\/\/hdpnoticias.com.ar\/index.php?rest_route=%2Fwp%2Fv2%2Fcomments&post=5325"}],"version-history":[{"count":1,"href":"https:\/\/hdpnoticias.com.ar\/index.php?rest_route=\/wp\/v2\/posts\/5325\/revisions"}],"predecessor-version":[{"id":5327,"href":"https:\/\/hdpnoticias.com.ar\/index.php?rest_route=\/wp\/v2\/posts\/5325\/revisions\/5327"}],"wp:featuredmedia":[{"embeddable":true,"href":"https:\/\/hdpnoticias.com.ar\/index.php?rest_route=\/wp\/v2\/media\/5326"}],"wp:attachment":[{"href":"https:\/\/hdpnoticias.com.ar\/index.php?rest_route=%2Fwp%2Fv2%2Fmedia&parent=5325"}],"wp:term":[{"taxonomy":"category","embeddable":true,"href":"https:\/\/hdpnoticias.com.ar\/index.php?rest_route=%2Fwp%2Fv2%2Fcategories&post=5325"},{"taxonomy":"post_tag","embeddable":true,"href":"https:\/\/hdpnoticias.com.ar\/index.php?rest_route=%2Fwp%2Fv2%2Ftags&post=5325"}],"curies":[{"name":"wp","href":"https:\/\/api.w.org\/{rel}","templated":true}]}}