{"id":5321,"date":"2023-12-09T20:38:09","date_gmt":"2023-12-09T23:38:09","guid":{"rendered":"https:\/\/hdpnoticias.com.ar\/?p=5321"},"modified":"2023-12-09T20:41:10","modified_gmt":"2023-12-09T23:41:10","slug":"asumio-zdero-habra-auditorias-en-todos-los-niveles-de-la-administracion-publica","status":"publish","type":"post","link":"https:\/\/hdpnoticias.com.ar\/?p=5321","title":{"rendered":"Asumi\u00f3 Zdero: habr\u00e1 auditor\u00edas en todos los niveles de la Administraci\u00f3n P\u00fablica"},"content":{"rendered":"\n<p>Leandro Zdero y Silvana Schneider asumieron este s\u00e1bado como gobernador y vicegobernadora de Chaco con el juramento en la C\u00e1mara de Diputados.<\/p>\n\n\n\n<p>En su primer discurso cuestion\u00f3 la administraci\u00f3n saliente y se\u00f1al\u00f3 las medidas adoptadas en los \u00faltimos meses de la gesti\u00f3n de Jorge Capitanich que, advirti\u00f3, comprometen las cuentas provinciales en un momento social y econ\u00f3mico muy dif\u00edcil.<\/p>\n\n\n\n<p>Para transparentar la situaci\u00f3n que describi\u00f3 como \u201cdelicada\u201d, iniciar\u00e1 inmediatamente una auditor\u00eda en toras las \u00e1reas del Estado, cuyos resultados ser\u00e1n expuestos p\u00fablicamente.<\/p>\n\n\n\n<p>Acto seguido, se trasladaron a la Casa de Gobierno donde el gobernador saliente le traspas\u00f3 los atributos del mando que ejercer\u00e1 hasta el 10 de diciembre de 2027.<\/p>\n\n\n\n<p>El de Zdero es el cuarto gobierno radical despu\u00e9s de los 2 madatos de \u00c1ngel Rozas y el de Roy Nikisch, que gobernaron entre 1995 y 2007.<\/p>\n","protected":false},"excerpt":{"rendered":"<p>Leandro Zdero y Silvana Schneider asumieron este s\u00e1bado como gobernador y vicegobernadora de Chaco con el juramento en la C\u00e1mara de Diputados. En su primer discurso cuestion\u00f3 la administraci\u00f3n saliente y se\u00f1al\u00f3 las medidas adoptadas en los \u00faltimos meses de la gesti\u00f3n de Jorge Capitanich que, advirti\u00f3, comprometen las cuentas provinciales en un momento social [&hellip;]<\/p>\n","protected":false},"author":1,"featured_media":5322,"comment_status":"open","ping_status":"open","sticky":false,"template":"","format":"standard","meta":{"footnotes":""},"categories":[27],"tags":[1912,29,37,244,1279,571,2844,1998,1289,921],"class_list":["post-5321","post","type-post","status-publish","format-standard","has-post-thumbnail","hentry","category-politica","tag-auditoria","tag-capitanich","tag-chaco","tag-gobernador","tag-rach-quiroga","tag-radical","tag-roy","tag-rozas","tag-schneider","tag-zdero"],"_links":{"self":[{"href":"https:\/\/hdpnoticias.com.ar\/index.php?rest_route=\/wp\/v2\/posts\/5321","targetHints":{"allow":["GET"]}}],"collection":[{"href":"https:\/\/hdpnoticias.com.ar\/index.php?rest_route=\/wp\/v2\/posts"}],"about":[{"href":"https:\/\/hdpnoticias.com.ar\/index.php?rest_route=\/wp\/v2\/types\/post"}],"author":[{"embeddable":true,"href":"https:\/\/hdpnoticias.com.ar\/index.php?rest_route=\/wp\/v2\/users\/1"}],"replies":[{"embeddable":true,"href":"https:\/\/hdpnoticias.com.ar\/index.php?rest_route=%2Fwp%2Fv2%2Fcomments&post=5321"}],"version-history":[{"count":2,"href":"https:\/\/hdpnoticias.com.ar\/index.php?rest_route=\/wp\/v2\/posts\/5321\/revisions"}],"predecessor-version":[{"id":5324,"href":"https:\/\/hdpnoticias.com.ar\/index.php?rest_route=\/wp\/v2\/posts\/5321\/revisions\/5324"}],"wp:featuredmedia":[{"embeddable":true,"href":"https:\/\/hdpnoticias.com.ar\/index.php?rest_route=\/wp\/v2\/media\/5322"}],"wp:attachment":[{"href":"https:\/\/hdpnoticias.com.ar\/index.php?rest_route=%2Fwp%2Fv2%2Fmedia&parent=5321"}],"wp:term":[{"taxonomy":"category","embeddable":true,"href":"https:\/\/hdpnoticias.com.ar\/index.php?rest_route=%2Fwp%2Fv2%2Fcategories&post=5321"},{"taxonomy":"post_tag","embeddable":true,"href":"https:\/\/hdpnoticias.com.ar\/index.php?rest_route=%2Fwp%2Fv2%2Ftags&post=5321"}],"curies":[{"name":"wp","href":"https:\/\/api.w.org\/{rel}","templated":true}]}}