{"id":5318,"date":"2023-12-09T01:41:00","date_gmt":"2023-12-09T04:41:00","guid":{"rendered":"https:\/\/hdpnoticias.com.ar\/?p=5318"},"modified":"2023-12-09T07:46:23","modified_gmt":"2023-12-09T10:46:23","slug":"sin-el-pan-y-sin-la-torta","status":"publish","type":"post","link":"https:\/\/hdpnoticias.com.ar\/?p=5318","title":{"rendered":"Sin el pan y sin la torta"},"content":{"rendered":"\n<p>Por Dar\u00edo Zarco |<\/p>\n\n\n\n<p>Tras la derrota de Jorge Capitanich que le signific\u00f3 al peronismo perder la gobernaci\u00f3n despu\u00e9s de 16 a\u00f1os, el Frente Chaque\u00f1o perdi\u00f3 tambi\u00e9n el control del Poder Legislativo que ostentaba desde 2009, cuando compr\u00f3 el pase de Juan Jos\u00e9 Bergia, que salt\u00f3 de la oposici\u00f3n al oficialismo para convertirse en presidente patrocinado por el coquismo.<\/p>\n\n\n\n<p>En la preparatoria en la que asumieron los 16 diputados recientemente electos y se design\u00f3 a las nuevas autoridades, el bloque de Capitanich no lpgr\u00f3 imponer a su candidato: Atlanto Honcheruk, y rompi\u00f3 en llanto.<\/p>\n\n\n\n<p>\u201cLa Legislatura se convirti\u00f3 en la escriban\u00eda del gobierno de Zdero\u201d, dijeron para describir al cuerpo que ser\u00e1 presidido por la radical Carmen Delgado; con Andrea Charole, de CER, como vicepresidente primera, y Dar\u00edo Bacileff Ivanoff, del Frente Integrador, como vice segundo.<\/p>\n\n\n\n<p>Seg\u00fan sus c\u00e1lculos, al llegar en segundo lugar en las \u00faltimas elecciones, les correspond\u00eda la vicepresidencia primera, el plan B despu\u00e9s de fracasar en las gestiones para ocupar la presidencia, desconociendo el triunfo de Juntos por el Cambio.<\/p>\n\n\n\n<p>Pero el argumento es falso si se considera lo ocurrido en 2021, cuando el coquismo vot\u00f3 como vicepresidente primero a Jaime Parra Moreno, del Frente Integrador, desplazando a Juntos por el Cambio. \u201cLa tradici\u00f3n dice que le corresponde a la oposici\u00f3n, y el Frente Integrador es parte de la oposici\u00f3n\u201d, abog\u00f3 entonces Juan Manuel Pedrini. Y, como consuelo, accedi\u00f3 a votar al hoy gobernador: Leandro Zdero, en la vice segunda.<\/p>\n\n\n\n<p>Ahora, entre sollozos, acusaron a Juntos, CER y el Frente Integrador de armar una rosca para dejarlos con los manos vac\u00edas, afuera de todo.<\/p>\n\n\n\n<p>Sin embargo, sus aspiraciones fueron plenamente saciadas, ya que la diputada Charole fue electa en 2021 con la boleta del Frente Chaque\u00f1o. Y ya dijo el General: para un peronista no hay nada mejor que otro peronista.<\/p>\n","protected":false},"excerpt":{"rendered":"<p>Por Dar\u00edo Zarco | Tras la derrota de Jorge Capitanich que le signific\u00f3 al peronismo perder la gobernaci\u00f3n despu\u00e9s de 16 a\u00f1os, el Frente Chaque\u00f1o perdi\u00f3 tambi\u00e9n el control del Poder Legislativo que ostentaba desde 2009, cuando compr\u00f3 el pase de Juan Jos\u00e9 Bergia, que salt\u00f3 de la oposici\u00f3n al oficialismo para convertirse en presidente [&hellip;]<\/p>\n","protected":false},"author":1,"featured_media":5319,"comment_status":"open","ping_status":"open","sticky":false,"template":"","format":"standard","meta":{"footnotes":""},"categories":[2],"tags":[243,29,929,2990,1052,2993,450,45,2991,1337,2992,921],"class_list":["post-5318","post","type-post","status-publish","format-standard","has-post-thumbnail","hentry","category-editorial","tag-bacileff-ivanoff","tag-capitanich","tag-cer","tag-charole","tag-frente-chaqueno","tag-general","tag-juntos-por-el-cambio","tag-legislatura","tag-pan","tag-peronismo","tag-torta","tag-zdero"],"_links":{"self":[{"href":"https:\/\/hdpnoticias.com.ar\/index.php?rest_route=\/wp\/v2\/posts\/5318","targetHints":{"allow":["GET"]}}],"collection":[{"href":"https:\/\/hdpnoticias.com.ar\/index.php?rest_route=\/wp\/v2\/posts"}],"about":[{"href":"https:\/\/hdpnoticias.com.ar\/index.php?rest_route=\/wp\/v2\/types\/post"}],"author":[{"embeddable":true,"href":"https:\/\/hdpnoticias.com.ar\/index.php?rest_route=\/wp\/v2\/users\/1"}],"replies":[{"embeddable":true,"href":"https:\/\/hdpnoticias.com.ar\/index.php?rest_route=%2Fwp%2Fv2%2Fcomments&post=5318"}],"version-history":[{"count":1,"href":"https:\/\/hdpnoticias.com.ar\/index.php?rest_route=\/wp\/v2\/posts\/5318\/revisions"}],"predecessor-version":[{"id":5320,"href":"https:\/\/hdpnoticias.com.ar\/index.php?rest_route=\/wp\/v2\/posts\/5318\/revisions\/5320"}],"wp:featuredmedia":[{"embeddable":true,"href":"https:\/\/hdpnoticias.com.ar\/index.php?rest_route=\/wp\/v2\/media\/5319"}],"wp:attachment":[{"href":"https:\/\/hdpnoticias.com.ar\/index.php?rest_route=%2Fwp%2Fv2%2Fmedia&parent=5318"}],"wp:term":[{"taxonomy":"category","embeddable":true,"href":"https:\/\/hdpnoticias.com.ar\/index.php?rest_route=%2Fwp%2Fv2%2Fcategories&post=5318"},{"taxonomy":"post_tag","embeddable":true,"href":"https:\/\/hdpnoticias.com.ar\/index.php?rest_route=%2Fwp%2Fv2%2Ftags&post=5318"}],"curies":[{"name":"wp","href":"https:\/\/api.w.org\/{rel}","templated":true}]}}