{"id":5254,"date":"2023-12-04T16:01:49","date_gmt":"2023-12-04T19:01:49","guid":{"rendered":"https:\/\/hdpnoticias.com.ar\/?p=5254"},"modified":"2023-12-04T16:01:51","modified_gmt":"2023-12-04T19:01:51","slug":"carmen-delgado-es-la-nueva-presidente-de-la-legislatura-provincial","status":"publish","type":"post","link":"https:\/\/hdpnoticias.com.ar\/?p=5254","title":{"rendered":"Carmen Delgado es la nueva presidente de la Legislatura provincial"},"content":{"rendered":"\n<p>El Frente Juntos por el Cambio se impuso en la votaci\u00f3n m\u00e1s relevante de la C\u00e1mara de Diputados de la Provincia: la elecci\u00f3n de las nuevas autoridades.<\/p>\n\n\n\n<p>Tal como marca la tradici\u00f3n, la presidencia recay\u00f3 sobre un integrante de la fuerza que gan\u00f3 las \u00faltimas elecciones, y Carmen Delgado ser\u00e1 la titular del Poder Legislativo.<\/p>\n\n\n\n<p>A los votos de Juntos se sumaron los 2 de la Corriente de Expresi\u00f3n Renovada, que lidera Gustavo Mart\u00ednez, y del Frente Integrador, del exvicegobernador Juan Carlos Bacileff Ivanoff.<\/p>\n\n\n\n<p>Producto de esta alianza, Andrea Charole, de CER, fue designada vicepresidente primera, y Dar\u00edo Bacileff Ivanoff vicepresidente segundo.<\/p>\n\n\n\n<p>El Frente Chaque\u00f1o, del gobernador saliente Jorge Capitanich, pretend\u00eda imponer al ministro de Planificaci\u00f3n, Econom\u00eda e Infraestructura: Santiago P\u00e9rez Pons, pero qued\u00f3 lejos de reunir el respaldo necesario y no tendr\u00e1 representaci\u00f3n en la conducci\u00f3n de la C\u00e1mara.<\/p>\n","protected":false},"excerpt":{"rendered":"<p>El Frente Juntos por el Cambio se impuso en la votaci\u00f3n m\u00e1s relevante de la C\u00e1mara de Diputados de la Provincia: la elecci\u00f3n de las nuevas autoridades. Tal como marca la tradici\u00f3n, la presidencia recay\u00f3 sobre un integrante de la fuerza que gan\u00f3 las \u00faltimas elecciones, y Carmen Delgado ser\u00e1 la titular del Poder Legislativo. [&hellip;]<\/p>\n","protected":false},"author":1,"featured_media":5255,"comment_status":"open","ping_status":"open","sticky":false,"template":"","format":"standard","meta":{"footnotes":""},"categories":[27],"tags":[2981,29,2982,929,71,242,2983,1583,45],"class_list":["post-5254","post","type-post","status-publish","format-standard","has-post-thumbnail","hentry","category-politica","tag-bacileff","tag-capitanich","tag-carmen","tag-cer","tag-diputados","tag-gustavo","tag-integrador","tag-juntos","tag-legislatura"],"_links":{"self":[{"href":"https:\/\/hdpnoticias.com.ar\/index.php?rest_route=\/wp\/v2\/posts\/5254","targetHints":{"allow":["GET"]}}],"collection":[{"href":"https:\/\/hdpnoticias.com.ar\/index.php?rest_route=\/wp\/v2\/posts"}],"about":[{"href":"https:\/\/hdpnoticias.com.ar\/index.php?rest_route=\/wp\/v2\/types\/post"}],"author":[{"embeddable":true,"href":"https:\/\/hdpnoticias.com.ar\/index.php?rest_route=\/wp\/v2\/users\/1"}],"replies":[{"embeddable":true,"href":"https:\/\/hdpnoticias.com.ar\/index.php?rest_route=%2Fwp%2Fv2%2Fcomments&post=5254"}],"version-history":[{"count":1,"href":"https:\/\/hdpnoticias.com.ar\/index.php?rest_route=\/wp\/v2\/posts\/5254\/revisions"}],"predecessor-version":[{"id":5256,"href":"https:\/\/hdpnoticias.com.ar\/index.php?rest_route=\/wp\/v2\/posts\/5254\/revisions\/5256"}],"wp:featuredmedia":[{"embeddable":true,"href":"https:\/\/hdpnoticias.com.ar\/index.php?rest_route=\/wp\/v2\/media\/5255"}],"wp:attachment":[{"href":"https:\/\/hdpnoticias.com.ar\/index.php?rest_route=%2Fwp%2Fv2%2Fmedia&parent=5254"}],"wp:term":[{"taxonomy":"category","embeddable":true,"href":"https:\/\/hdpnoticias.com.ar\/index.php?rest_route=%2Fwp%2Fv2%2Fcategories&post=5254"},{"taxonomy":"post_tag","embeddable":true,"href":"https:\/\/hdpnoticias.com.ar\/index.php?rest_route=%2Fwp%2Fv2%2Ftags&post=5254"}],"curies":[{"name":"wp","href":"https:\/\/api.w.org\/{rel}","templated":true}]}}