{"id":5249,"date":"2023-12-03T21:24:16","date_gmt":"2023-12-04T00:24:16","guid":{"rendered":"https:\/\/hdpnoticias.com.ar\/?p=5249"},"modified":"2023-12-03T21:24:19","modified_gmt":"2023-12-04T00:24:19","slug":"alberto-duda-de-su-propio-gobierno-no-cree-que-haya-tantos-pobres-en-argentina","status":"publish","type":"post","link":"https:\/\/hdpnoticias.com.ar\/?p=5249","title":{"rendered":"Alberto duda de su propio gobierno: no cree que haya tantos pobres en Argentina"},"content":{"rendered":"\n<p>A una semana del final de su gobierno con m\u00e1s de 150% de inflaci\u00f3n y m\u00e1s del 40 por ciento de los argentinos por debajo de la l\u00ednea de pobreza, Alberto Fern\u00e1ndez puso en duda al Instituto Nacional de Estad\u00edstica y Censos, el organismo oficial encargado de las mediciones..<\/p>\n\n\n\n<p>\u201cMe cuesta creer que la pobreza supere el 40%\u201d, dijo, y puntualiz\u00f3 su desconfianza en que \u201ces poco cre\u00edble que haya trabajadores registrados con salarios por debajo de la l\u00ednea de pobreza\u201d.<\/p>\n\n\n\n<p>\u201cSi esto es as\u00ed, significa que alg\u00fan sindicalista no hizo el trabajo que deb\u00eda\u201d, fundament\u00f3, despeg\u00e1ndose de la crisis y relativizando la importancia de las pol\u00edticas y medidas econ\u00f3micas en esta situaci\u00f3n.<\/p>\n\n\n\n<p>Para \u00e9l, no deber\u00eda haber trabajadores registrados pobres. \u201cNo puede ser porque las paritarias siempre estuvieron abiertas. En mis 4 a\u00f1os de gobierno jam\u00e1s cerr\u00e9 las paritarias ni les puse techo\u201d, se defendi\u00f3.<\/p>\n\n\n\n<p>Para completar, envi\u00f3 un mensaje a su mentora, la vicepresidente Cristina Fern\u00e1ndez, quien dijo que \u201cnos est\u00e1 pasando algo que nunca antes hab\u00eda pasado durante un gobierno peronista: tener trabajadores en la pobreza\u201d.<\/p>\n\n\n\n<p>\u201cNo entiendo a los que dicen eso. No se de d\u00f3nde lo sacan\u201d, remat\u00f3 Alberto Fern\u00e1ndez.<\/p>\n","protected":false},"excerpt":{"rendered":"<p>A una semana del final de su gobierno con m\u00e1s de 150% de inflaci\u00f3n y m\u00e1s del 40 por ciento de los argentinos por debajo de la l\u00ednea de pobreza, Alberto Fern\u00e1ndez puso en duda al Instituto Nacional de Estad\u00edstica y Censos, el organismo oficial encargado de las mediciones.. \u201cMe cuesta creer que la pobreza [&hellip;]<\/p>\n","protected":false},"author":1,"featured_media":3428,"comment_status":"open","ping_status":"open","sticky":false,"template":"","format":"standard","meta":{"footnotes":""},"categories":[27],"tags":[68,61,949,2979,694],"class_list":["post-5249","post","type-post","status-publish","format-standard","has-post-thumbnail","hentry","category-politica","tag-alberto","tag-indec","tag-indigencia","tag-pesidente","tag-pobreza"],"_links":{"self":[{"href":"https:\/\/hdpnoticias.com.ar\/index.php?rest_route=\/wp\/v2\/posts\/5249","targetHints":{"allow":["GET"]}}],"collection":[{"href":"https:\/\/hdpnoticias.com.ar\/index.php?rest_route=\/wp\/v2\/posts"}],"about":[{"href":"https:\/\/hdpnoticias.com.ar\/index.php?rest_route=\/wp\/v2\/types\/post"}],"author":[{"embeddable":true,"href":"https:\/\/hdpnoticias.com.ar\/index.php?rest_route=\/wp\/v2\/users\/1"}],"replies":[{"embeddable":true,"href":"https:\/\/hdpnoticias.com.ar\/index.php?rest_route=%2Fwp%2Fv2%2Fcomments&post=5249"}],"version-history":[{"count":1,"href":"https:\/\/hdpnoticias.com.ar\/index.php?rest_route=\/wp\/v2\/posts\/5249\/revisions"}],"predecessor-version":[{"id":5250,"href":"https:\/\/hdpnoticias.com.ar\/index.php?rest_route=\/wp\/v2\/posts\/5249\/revisions\/5250"}],"wp:featuredmedia":[{"embeddable":true,"href":"https:\/\/hdpnoticias.com.ar\/index.php?rest_route=\/wp\/v2\/media\/3428"}],"wp:attachment":[{"href":"https:\/\/hdpnoticias.com.ar\/index.php?rest_route=%2Fwp%2Fv2%2Fmedia&parent=5249"}],"wp:term":[{"taxonomy":"category","embeddable":true,"href":"https:\/\/hdpnoticias.com.ar\/index.php?rest_route=%2Fwp%2Fv2%2Fcategories&post=5249"},{"taxonomy":"post_tag","embeddable":true,"href":"https:\/\/hdpnoticias.com.ar\/index.php?rest_route=%2Fwp%2Fv2%2Ftags&post=5249"}],"curies":[{"name":"wp","href":"https:\/\/api.w.org\/{rel}","templated":true}]}}