{"id":5195,"date":"2023-11-27T09:00:16","date_gmt":"2023-11-27T12:00:16","guid":{"rendered":"https:\/\/hdpnoticias.com.ar\/?p=5195"},"modified":"2023-11-27T09:00:20","modified_gmt":"2023-11-27T12:00:20","slug":"el-gabinete-de-zdero-debuta-el-fiscal-gomez-vuelven-matkovich-y-naidenoff","status":"publish","type":"post","link":"https:\/\/hdpnoticias.com.ar\/?p=5195","title":{"rendered":"El gabinete de Zdero: debuta el fiscal G\u00f3mez, vuelven Matkovich y Naidenoff"},"content":{"rendered":"\n<p>El gobernador electo Leandro Zdero present\u00f3 este lunes a trav\u00e9s de un parte de prensa a los integrantes del gabinete que lo acompa\u00f1ar\u00e1 en la gesti\u00f3n a partir del 10 de diciembre.<\/p>\n\n\n\n<p>La nueva estructura separa las \u00e1reas de Econom\u00eda e Infraestructura que hab\u00edan sido unificadas por el actual gobierno; crea el Ministerio de Desarrollo Humano, que absorber\u00e1 a Desarrollo Social; y Derechos Humanos vuelve a la cartera de Gobierno, entre otras novedades.<\/p>\n\n\n\n<p>Entre los nombres propios, se destaca la designaci\u00f3n del fiscal Jorge \u201cPato\u201d G\u00f3mez como ministro de Gobierno, Justicia, Trabajo y Derechos Humanos. Ahora integra el equipo fiscal especial que investiga el asesinato de Cecilia Strzyzowski.<\/p>\n\n\n\n<p>Y el diputado Livio Guti\u00e9rrez, que acaba de ser reelecto dejar\u00e1 la Legislatura para asumir un rol fundamental en la gesti\u00f3n de Zdero.<\/p>\n\n\n\n<p>Y vuelven a la gesti\u00f3n Hugo Matkovich y Sof\u00eda Naidenoff, a Seguridad y Educaci\u00f3n, respectivamente, las mismas \u00e1reas que integraran durante la gobernaci\u00f3n de Roy Nikisch.<\/p>\n\n\n\n<p><strong>Los designados<\/strong><\/p>\n\n\n\n<p><strong>Secretario de Coordinaci\u00f3n de Gabinete:<\/strong> Livio Guti\u00e9rrez. Actual diputado provincial reelecto, es abogado, fue concejal, asesor de municipios, integrante del Consejo de la Magistratura Chaco, presidente de la Micro Regi\u00f3n Sudoeste II en representaci\u00f3n de la C\u00e1mara de Comercio de Las Bre\u00f1as, e integrante de la Comisi\u00f3n Federal Cambio Clim\u00e1tico de Legislaturas Conectadas.<\/p>\n\n\n\n<p><strong>Secretario de Asuntos Estrat\u00e9gicos<\/strong>: Marcos Resico, Fue dirigente universitario, coordinador del Censo Programa Familia, coordinador de Unne Salud y director de la imprenta digital Unne. Cumpli\u00f3 funciones en los municipios de Resistencia y de Barranqueras. Trabaj\u00f3 en el sector privado y desarrolla una actividad comercial independiente. Fue secretario general de la Franja Morada y de la juventud radical del Chaco.<\/p>\n\n\n\n<p><strong>Secretaria general de la Gobernaci\u00f3n<\/strong>: Carolina Meiri\u00f1o. Es Abogada. Fue subsecretaria de Gobierno de la Municipalidad de Resistencia y coordinadora de la Direcci\u00f3n de Defensa al Consumidor y Lealtad Comercial. Actualmente, se desempe\u00f1a en la Fiscal\u00eda Municipal.<\/p>\n\n\n\n<p><strong>Asesora general de la Gobernaci\u00f3n<\/strong>: Alejandra Ferreyra. Es Abogada, magister en Derecho Administrativo y magister en Legislatura Judicial. Fue asesora legal de la Secretar\u00eda Legal y T\u00e9cnica de la Municipalidad de Resistencia. secretaria relatora del Juzgado de Faltas Municipal y secretaria de la C\u00e1mara Contenciosa Administrativa. Actualmente es docente en la Unne, en la Universidad Cat\u00f3lica de Salta y en la Cuenca del Plata.\u00a0<\/p>\n\n\n\n<p><strong>Ministra de Desarrollo Humano<\/strong>. Carina Botteri Disoff. Es abogada, egresada de la Unne, magister en Gesti\u00f3n P\u00fablica, Posgrado de Derecho Procesal Civil y Comercial y sobre la Protecci\u00f3n de los Consumidores en el Ordenamiento Jur\u00eddico. Trabaj\u00f3 en el sector privado y desarrolla una actividad comercial independiente.\u00a0<\/p>\n\n\n\n<p><strong>Ministra de Educaci\u00f3n, Cultura, Ciencia y Tecnolog\u00eda<\/strong>: Sof\u00eda Naidenoff. Es profesora en Ciencias Econ\u00f3micas, realiz\u00f3 maestr\u00edas Formador de Formadores Docentes y Redes Digitales, y el posgrado en Gesti\u00f3n de las Organizaciones. Fue subsecretaria de Ciencia y Tecnolog\u00eda de la Provincia durante el gobierno de Roy Nikisch, coordinadora general de Proyectos, coordinadora responsable de Capacitaci\u00f3n y Formaci\u00f3n Docente.<\/p>\n\n\n\n<p><strong>Ministro de Gobierno, Justicia, Trabajo y Derechos Humanos<\/strong>: Jorge G\u00f3mez. Es Abogado y Especialista en Derecho Penal. Fue fiscal en Juan Jos\u00e9 Castelli y es fiscal de la C\u00e1mara del Crimen 1 en Resistencia.<\/p>\n\n\n\n<p><strong>Ministro de Hacienda y Finanzas<\/strong>: Alejandro Abraam, Es contador p\u00fablico, especialista en Sindicatura Concursal, trabaj\u00f3 en el sector privado de finanzas y salud. Fue secretario de Econom\u00eda de la Municipalidad de Resistencia durante la intendencia de A\u00edda Ayala, y actualmente, se desempe\u00f1a como director general de Administraci\u00f3n del Poder Judicial del Chaco.<\/p>\n\n\n\n<p><strong>Ministro de Infraestructura, Obras y Servicios P\u00fablicos<\/strong>: Hugo Dom\u00ednguez. Es ingeniero en Construcciones y magister en Pol\u00edticas P\u00fablicas de la Universidad de Barcelona. Es docente universitario, fue secretario general de Extensi\u00f3n de la Unne, fue diputado provincial y delegado Nacional de Comunicaciones.<\/p>\n\n\n\n<p><strong>Ministro de Producci\u00f3n y Desarrollo Econ\u00f3mico Sostenible<\/strong>: Hern\u00e1n Halavac. Es ingeniero agr\u00f3nomo, egresado de la Unne y t\u00e9cnico forestal. Es productor agr\u00edcola y ganadero.<\/p>\n\n\n\n<p><strong>Ministro de Salud: Sergio Rodr\u00edguez<\/strong>: Es m\u00e9dico, especialista en Medicina Interna, especialista en Infectolog\u00eda, docente de la C\u00e1tedra de Medicina Interna y Campos Cl\u00ednicos I. Fue director del Hospital 4 de junio, jefe de Docencia del Servicio de Infectolog\u00eda y jefe del Programa de Salud de la Municipalidad de S\u00e1enz Pe\u00f1a.\u00a0<\/p>\n\n\n\n<p><strong>Ministro de Seguridad<\/strong>: Hugo Matkovich. Es abogado. Fue ministro de Gobierno, Justicia y Trabajo; intendente de Presidencia Roca y diputado provincial. Fue miembro de la Delegaci\u00f3n Argentina ante la Comisi\u00f3n Interamericana de Derechos Humanos; integr\u00f3 el Consejo de Seguridad Interior y el Consejo de la Magistratura y Jurado de Enjuiciamiento.<\/p>\n","protected":false},"excerpt":{"rendered":"<p>El gobernador electo Leandro Zdero present\u00f3 este lunes a trav\u00e9s de un parte de prensa a los integrantes del gabinete que lo acompa\u00f1ar\u00e1 en la gesti\u00f3n a partir del 10 de diciembre. La nueva estructura separa las \u00e1reas de Econom\u00eda e Infraestructura que hab\u00edan sido unificadas por el actual gobierno; crea el Ministerio de Desarrollo [&hellip;]<\/p>\n","protected":false},"author":1,"featured_media":5196,"comment_status":"open","ping_status":"open","sticky":false,"template":"","format":"standard","meta":{"footnotes":""},"categories":[27],"tags":[1813,1258,264,524,953,2951,2950,1955,1854,921],"class_list":["post-5195","post","type-post","status-publish","format-standard","has-post-thumbnail","hentry","category-politica","tag-cecilia","tag-fiscal","tag-gabinete","tag-gomez","tag-livio","tag-matkovich","tag-ministros","tag-nikisch","tag-strzyzowski","tag-zdero"],"_links":{"self":[{"href":"https:\/\/hdpnoticias.com.ar\/index.php?rest_route=\/wp\/v2\/posts\/5195","targetHints":{"allow":["GET"]}}],"collection":[{"href":"https:\/\/hdpnoticias.com.ar\/index.php?rest_route=\/wp\/v2\/posts"}],"about":[{"href":"https:\/\/hdpnoticias.com.ar\/index.php?rest_route=\/wp\/v2\/types\/post"}],"author":[{"embeddable":true,"href":"https:\/\/hdpnoticias.com.ar\/index.php?rest_route=\/wp\/v2\/users\/1"}],"replies":[{"embeddable":true,"href":"https:\/\/hdpnoticias.com.ar\/index.php?rest_route=%2Fwp%2Fv2%2Fcomments&post=5195"}],"version-history":[{"count":1,"href":"https:\/\/hdpnoticias.com.ar\/index.php?rest_route=\/wp\/v2\/posts\/5195\/revisions"}],"predecessor-version":[{"id":5197,"href":"https:\/\/hdpnoticias.com.ar\/index.php?rest_route=\/wp\/v2\/posts\/5195\/revisions\/5197"}],"wp:featuredmedia":[{"embeddable":true,"href":"https:\/\/hdpnoticias.com.ar\/index.php?rest_route=\/wp\/v2\/media\/5196"}],"wp:attachment":[{"href":"https:\/\/hdpnoticias.com.ar\/index.php?rest_route=%2Fwp%2Fv2%2Fmedia&parent=5195"}],"wp:term":[{"taxonomy":"category","embeddable":true,"href":"https:\/\/hdpnoticias.com.ar\/index.php?rest_route=%2Fwp%2Fv2%2Fcategories&post=5195"},{"taxonomy":"post_tag","embeddable":true,"href":"https:\/\/hdpnoticias.com.ar\/index.php?rest_route=%2Fwp%2Fv2%2Ftags&post=5195"}],"curies":[{"name":"wp","href":"https:\/\/api.w.org\/{rel}","templated":true}]}}