{"id":5150,"date":"2023-11-23T07:42:13","date_gmt":"2023-11-23T10:42:13","guid":{"rendered":"https:\/\/hdpnoticias.com.ar\/?p=5150"},"modified":"2023-11-23T07:42:15","modified_gmt":"2023-11-23T10:42:15","slug":"paro-de-colectivos-por-falta-de-pago-de-empresarios-y-gobierno","status":"publish","type":"post","link":"https:\/\/hdpnoticias.com.ar\/?p=5150","title":{"rendered":"Paro de colectivos por falta de pago de empresarios y Gobierno"},"content":{"rendered":"\n<p>La Uni\u00f3n Tranviaria Automotor inici\u00f3 este jueves un paro de actividades de choferes de colectivos del transporte urbano e interurbano en la provincia, que incluye a las empresas chaque\u00f1as del servicio interprovincial Chaco-Corrientes.<\/p>\n\n\n\n<p>La medida es la respuesta al incumplimiento de las empresas y el Gobierno provincial que se hab\u00edan comprometido a abonar la diferencia salarial pendiente tras la \u00faltima actualizaci\u00f3n.<\/p>\n\n\n\n<p>El pago debi\u00f3 hacerse la semana pasada pero empresarios y funcionarios dijeron no contar con los fondos necesarios. Finalmente accedieron a depositar el 50% de la deuda y abonar el resto entre el martes y el mi\u00e9rcoles \u00faltimo, pero no lo hicieron.<\/p>\n\n\n\n<p>La medida de fuerza, seg\u00fan lo inform\u00f3 el secretario general de la UTA: Ra\u00fal Abraham, ser\u00e1 por tiempo indeterminado, y s\u00f3lo se levantar\u00e1 cuando haya cobrado el \u00faltimo trabajador.<\/p>\n","protected":false},"excerpt":{"rendered":"<p>La Uni\u00f3n Tranviaria Automotor inici\u00f3 este jueves un paro de actividades de choferes de colectivos del transporte urbano e interurbano en la provincia, que incluye a las empresas chaque\u00f1as del servicio interprovincial Chaco-Corrientes. La medida es la respuesta al incumplimiento de las empresas y el Gobierno provincial que se hab\u00edan comprometido a abonar la diferencia [&hellip;]<\/p>\n","protected":false},"author":1,"featured_media":0,"comment_status":"open","ping_status":"open","sticky":false,"template":"","format":"standard","meta":{"footnotes":""},"categories":[6],"tags":[37,1848,488,377,169,380,495,49,379,1619],"class_list":["post-5150","post","type-post","status-publish","format-standard","hentry","category-info-general","tag-chaco","tag-choferes","tag-colectivo","tag-colectivos","tag-corrientes","tag-interurbano","tag-paro","tag-resistencia","tag-urbano","tag-uta"],"_links":{"self":[{"href":"https:\/\/hdpnoticias.com.ar\/index.php?rest_route=\/wp\/v2\/posts\/5150","targetHints":{"allow":["GET"]}}],"collection":[{"href":"https:\/\/hdpnoticias.com.ar\/index.php?rest_route=\/wp\/v2\/posts"}],"about":[{"href":"https:\/\/hdpnoticias.com.ar\/index.php?rest_route=\/wp\/v2\/types\/post"}],"author":[{"embeddable":true,"href":"https:\/\/hdpnoticias.com.ar\/index.php?rest_route=\/wp\/v2\/users\/1"}],"replies":[{"embeddable":true,"href":"https:\/\/hdpnoticias.com.ar\/index.php?rest_route=%2Fwp%2Fv2%2Fcomments&post=5150"}],"version-history":[{"count":1,"href":"https:\/\/hdpnoticias.com.ar\/index.php?rest_route=\/wp\/v2\/posts\/5150\/revisions"}],"predecessor-version":[{"id":5151,"href":"https:\/\/hdpnoticias.com.ar\/index.php?rest_route=\/wp\/v2\/posts\/5150\/revisions\/5151"}],"wp:attachment":[{"href":"https:\/\/hdpnoticias.com.ar\/index.php?rest_route=%2Fwp%2Fv2%2Fmedia&parent=5150"}],"wp:term":[{"taxonomy":"category","embeddable":true,"href":"https:\/\/hdpnoticias.com.ar\/index.php?rest_route=%2Fwp%2Fv2%2Fcategories&post=5150"},{"taxonomy":"post_tag","embeddable":true,"href":"https:\/\/hdpnoticias.com.ar\/index.php?rest_route=%2Fwp%2Fv2%2Ftags&post=5150"}],"curies":[{"name":"wp","href":"https:\/\/api.w.org\/{rel}","templated":true}]}}