{"id":5137,"date":"2023-11-21T08:17:48","date_gmt":"2023-11-21T11:17:48","guid":{"rendered":"https:\/\/hdpnoticias.com.ar\/?p=5137"},"modified":"2023-11-21T08:17:51","modified_gmt":"2023-11-21T11:17:51","slug":"capitanich-arranco-su-gobierno-un-dia-despues-y-se-va-un-dia-antes","status":"publish","type":"post","link":"https:\/\/hdpnoticias.com.ar\/?p=5137","title":{"rendered":"Capitanich arranc\u00f3 su gobierno un d\u00eda despu\u00e9s y se va un d\u00eda antes"},"content":{"rendered":"\n<p>El gobernador Jorge Capitanich anunci\u00f3 a trav\u00e9s de las redes sociales que el traspaso del mando al gobernador electo Leandro Zdero no ser\u00e1 el 10 de diciembre, como dicta la Constituci\u00f3n, sino el s\u00e1bado 9 a las 11.<\/p>\n\n\n\n<p>Cont\u00f3 adem\u00e1s que en el marco de la transici\u00f3n mantuvo una reuni\u00f3n cordial con Zdero, al que durante la campa\u00f1a acus\u00f3 de no haber trabajado en toda su vida, trat\u00f3 de vago y \u00f1oqui de la Legislatura y hab\u00eda prometido mandar a las calles a combatir la inseguridad.<\/p>\n\n\n\n<p>As\u00ed, el tercer gobierno de Capitanich durar\u00e1 2 d\u00edas menos, ya que no s\u00f3lo abandonar\u00e1 el cargo un d\u00eda antes, sino que asumi\u00f3 un d\u00eda despu\u00e9s: el 11 de septiembre, cuando recibi\u00f3 los atributos de manos de su partidario Domingo Peppo.<\/p>\n","protected":false},"excerpt":{"rendered":"<p>El gobernador Jorge Capitanich anunci\u00f3 a trav\u00e9s de las redes sociales que el traspaso del mando al gobernador electo Leandro Zdero no ser\u00e1 el 10 de diciembre, como dicta la Constituci\u00f3n, sino el s\u00e1bado 9 a las 11. Cont\u00f3 adem\u00e1s que en el marco de la transici\u00f3n mantuvo una reuni\u00f3n cordial con Zdero, al que [&hellip;]<\/p>\n","protected":false},"author":1,"featured_media":4480,"comment_status":"open","ping_status":"open","sticky":false,"template":"","format":"standard","meta":{"footnotes":""},"categories":[27],"tags":[29,37,36,999,2466,2594,241,2525,2922,2921,921],"class_list":["post-5137","post","type-post","status-publish","format-standard","has-post-thumbnail","hentry","category-politica","tag-capitanich","tag-chaco","tag-gobierno","tag-inseguridad","tag-mandato","tag-noqui","tag-peppo","tag-transicion","tag-traspaso","tag-vago","tag-zdero"],"_links":{"self":[{"href":"https:\/\/hdpnoticias.com.ar\/index.php?rest_route=\/wp\/v2\/posts\/5137","targetHints":{"allow":["GET"]}}],"collection":[{"href":"https:\/\/hdpnoticias.com.ar\/index.php?rest_route=\/wp\/v2\/posts"}],"about":[{"href":"https:\/\/hdpnoticias.com.ar\/index.php?rest_route=\/wp\/v2\/types\/post"}],"author":[{"embeddable":true,"href":"https:\/\/hdpnoticias.com.ar\/index.php?rest_route=\/wp\/v2\/users\/1"}],"replies":[{"embeddable":true,"href":"https:\/\/hdpnoticias.com.ar\/index.php?rest_route=%2Fwp%2Fv2%2Fcomments&post=5137"}],"version-history":[{"count":1,"href":"https:\/\/hdpnoticias.com.ar\/index.php?rest_route=\/wp\/v2\/posts\/5137\/revisions"}],"predecessor-version":[{"id":5138,"href":"https:\/\/hdpnoticias.com.ar\/index.php?rest_route=\/wp\/v2\/posts\/5137\/revisions\/5138"}],"wp:featuredmedia":[{"embeddable":true,"href":"https:\/\/hdpnoticias.com.ar\/index.php?rest_route=\/wp\/v2\/media\/4480"}],"wp:attachment":[{"href":"https:\/\/hdpnoticias.com.ar\/index.php?rest_route=%2Fwp%2Fv2%2Fmedia&parent=5137"}],"wp:term":[{"taxonomy":"category","embeddable":true,"href":"https:\/\/hdpnoticias.com.ar\/index.php?rest_route=%2Fwp%2Fv2%2Fcategories&post=5137"},{"taxonomy":"post_tag","embeddable":true,"href":"https:\/\/hdpnoticias.com.ar\/index.php?rest_route=%2Fwp%2Fv2%2Ftags&post=5137"}],"curies":[{"name":"wp","href":"https:\/\/api.w.org\/{rel}","templated":true}]}}