{"id":5127,"date":"2023-11-20T16:31:31","date_gmt":"2023-11-20T19:31:31","guid":{"rendered":"https:\/\/hdpnoticias.com.ar\/?p=5127"},"modified":"2023-11-20T16:32:16","modified_gmt":"2023-11-20T19:32:16","slug":"el-intendente-de-san-martin-choco-y-mato-a-un-motociclista-en-la-ruta-11","status":"publish","type":"post","link":"https:\/\/hdpnoticias.com.ar\/?p=5127","title":{"rendered":"El intendente de San Mart\u00edn choc\u00f3 y mat\u00f3 a un motociclista en la ruta 11"},"content":{"rendered":"\n<p>Gabriel Vitali, de 20 a\u00f1os, muri\u00f3 la madrugada de este lunes en un accidente de tr\u00e1nsito en el kil\u00f3metro 1014 de la ruta nacional 11, entre Resistencia y Colonia Ben\u00edtez.<\/p>\n\n\n\n<p>Conduc\u00eda una motocicleta de 125cc. cuando fue embestido por una VW Amarok conducida por el intendente de General San Mart\u00edn: Mauro Leiva, de 30 a\u00f1os.<\/p>\n\n\n\n<p>Cuando lleg\u00f3 la comisi\u00f3n policial el motociclista ya estaba muerto.<\/p>\n\n\n\n<p>La mec\u00e1nica del siniestro a\u00fan es materia de investigaci\u00f3n.<\/p>\n\n\n\n<p>La camioneta, propiedad de la Municipalidad de San Mart\u00edn, termin\u00f3 en la banquina contraria con su parte delantera izquierda completamente destruida.<\/p>\n\n\n\n<p>El test de alcoholemia que le practicaron a Leiva result\u00f3 negativo.<\/p>\n","protected":false},"excerpt":{"rendered":"<p>Gabriel Vitali, de 20 a\u00f1os, muri\u00f3 la madrugada de este lunes en un accidente de tr\u00e1nsito en el kil\u00f3metro 1014 de la ruta nacional 11, entre Resistencia y Colonia Ben\u00edtez. Conduc\u00eda una motocicleta de 125cc. cuando fue embestido por una VW Amarok conducida por el intendente de General San Mart\u00edn: Mauro Leiva, de 30 a\u00f1os. [&hellip;]<\/p>\n","protected":false},"author":1,"featured_media":5128,"comment_status":"open","ping_status":"open","sticky":false,"template":"","format":"standard","meta":{"footnotes":""},"categories":[26],"tags":[913,448,1400,1937,92,49,539,100,89],"class_list":["post-5127","post","type-post","status-publish","format-standard","has-post-thumbnail","hentry","category-policiales","tag-amarok","tag-colonia-benitez","tag-intendente","tag-leiva","tag-motociclista","tag-resistencia","tag-ruta-11","tag-tragedia","tag-vw"],"_links":{"self":[{"href":"https:\/\/hdpnoticias.com.ar\/index.php?rest_route=\/wp\/v2\/posts\/5127","targetHints":{"allow":["GET"]}}],"collection":[{"href":"https:\/\/hdpnoticias.com.ar\/index.php?rest_route=\/wp\/v2\/posts"}],"about":[{"href":"https:\/\/hdpnoticias.com.ar\/index.php?rest_route=\/wp\/v2\/types\/post"}],"author":[{"embeddable":true,"href":"https:\/\/hdpnoticias.com.ar\/index.php?rest_route=\/wp\/v2\/users\/1"}],"replies":[{"embeddable":true,"href":"https:\/\/hdpnoticias.com.ar\/index.php?rest_route=%2Fwp%2Fv2%2Fcomments&post=5127"}],"version-history":[{"count":1,"href":"https:\/\/hdpnoticias.com.ar\/index.php?rest_route=\/wp\/v2\/posts\/5127\/revisions"}],"predecessor-version":[{"id":5129,"href":"https:\/\/hdpnoticias.com.ar\/index.php?rest_route=\/wp\/v2\/posts\/5127\/revisions\/5129"}],"wp:featuredmedia":[{"embeddable":true,"href":"https:\/\/hdpnoticias.com.ar\/index.php?rest_route=\/wp\/v2\/media\/5128"}],"wp:attachment":[{"href":"https:\/\/hdpnoticias.com.ar\/index.php?rest_route=%2Fwp%2Fv2%2Fmedia&parent=5127"}],"wp:term":[{"taxonomy":"category","embeddable":true,"href":"https:\/\/hdpnoticias.com.ar\/index.php?rest_route=%2Fwp%2Fv2%2Fcategories&post=5127"},{"taxonomy":"post_tag","embeddable":true,"href":"https:\/\/hdpnoticias.com.ar\/index.php?rest_route=%2Fwp%2Fv2%2Ftags&post=5127"}],"curies":[{"name":"wp","href":"https:\/\/api.w.org\/{rel}","templated":true}]}}