{"id":5120,"date":"2023-11-19T22:39:29","date_gmt":"2023-11-20T01:39:29","guid":{"rendered":"https:\/\/hdpnoticias.com.ar\/?p=5120"},"modified":"2023-11-19T22:39:30","modified_gmt":"2023-11-20T01:39:30","slug":"milei-presidente-hoy-comienza-la-reconstruccion-de-argentina","status":"publish","type":"post","link":"https:\/\/hdpnoticias.com.ar\/?p=5120","title":{"rendered":"Milei presidente: Hoy comienza la reconstrucci\u00f3n de Argentina"},"content":{"rendered":"\n<p>Javier Milei, candidato de La Libertad Avanza, fue electo presidente de la Naci\u00f3n al derrotar al candidato del Gobierno: el ministro de Econom\u00eda Sergio Massa por casi 11 puntos.<\/p>\n\n\n\n<p>Casi 2 horas despu\u00e9s de que Massa reconociera la derrota del frente oficialista Uni\u00f3n por la Patria, Milei asim\u00f3 para dar su primer discurso en calidad de presidente electo.<\/p>\n\n\n\n<p>\u201cHoy comienza la reconstrucci\u00f3n de Argentina\u201d, dijo, y asegur\u00f3 que \u201cs termina el modelo empobrecedor y la decadencia\u201d, y prometi\u00f3 que \u201cel Estado dejar\u00e1 de ser un bot\u00edn para que se repartan los pol\u00edticos y sus amigos\u201d.<\/p>\n\n\n\n<p>\u201cEl modelo de decadencia lleg\u00f3 a su fin, no hay vuelta atr\u00e1s\u201d, insisti\u00f3, y asegur\u00f3 que su gobierno honrar\u00e1 los compromisos contra\u00eddos por el pa\u00eds, que respetar\u00e1 la propiedad privada y promover\u00e1 el comercio libre.<\/p>\n\n\n\n<p>Describi\u00f3 que el pa\u00eds atraviesa una profunda crisis, con una inflaci\u00f3n descomunal y con la mitad de la poblaci\u00f3n bajo la l\u00ednea de pobreza\u201d.<\/p>\n\n\n\n<p>Finalmente, lanz\u00f3 una convocatoria: \u201cTodos los que se quieran sumar ser\u00e1n bienvenidos, no importa de qu\u00e9 lado hayan estado antes ni las diferencias que tengamos, porque son m\u00e1s importantes las cosas que nos unen. As\u00ed vamos a lograr poner a Argentina de pie\u201d.<\/p>\n","protected":false},"excerpt":{"rendered":"<p>Javier Milei, candidato de La Libertad Avanza, fue electo presidente de la Naci\u00f3n al derrotar al candidato del Gobierno: el ministro de Econom\u00eda Sergio Massa por casi 11 puntos. Casi 2 horas despu\u00e9s de que Massa reconociera la derrota del frente oficialista Uni\u00f3n por la Patria, Milei asim\u00f3 para dar su primer discurso en calidad [&hellip;]<\/p>\n","protected":false},"author":1,"featured_media":5121,"comment_status":"open","ping_status":"open","sticky":false,"template":"","format":"standard","meta":{"footnotes":""},"categories":[27],"tags":[1618,2325,289,1319,168,454,1898],"class_list":["post-5120","post","type-post","status-publish","format-standard","has-post-thumbnail","hentry","category-politica","tag-balotaje","tag-la-libertad-avanza","tag-massa","tag-milei","tag-nacion","tag-presidente","tag-union-por-la-patria"],"_links":{"self":[{"href":"https:\/\/hdpnoticias.com.ar\/index.php?rest_route=\/wp\/v2\/posts\/5120","targetHints":{"allow":["GET"]}}],"collection":[{"href":"https:\/\/hdpnoticias.com.ar\/index.php?rest_route=\/wp\/v2\/posts"}],"about":[{"href":"https:\/\/hdpnoticias.com.ar\/index.php?rest_route=\/wp\/v2\/types\/post"}],"author":[{"embeddable":true,"href":"https:\/\/hdpnoticias.com.ar\/index.php?rest_route=\/wp\/v2\/users\/1"}],"replies":[{"embeddable":true,"href":"https:\/\/hdpnoticias.com.ar\/index.php?rest_route=%2Fwp%2Fv2%2Fcomments&post=5120"}],"version-history":[{"count":1,"href":"https:\/\/hdpnoticias.com.ar\/index.php?rest_route=\/wp\/v2\/posts\/5120\/revisions"}],"predecessor-version":[{"id":5122,"href":"https:\/\/hdpnoticias.com.ar\/index.php?rest_route=\/wp\/v2\/posts\/5120\/revisions\/5122"}],"wp:featuredmedia":[{"embeddable":true,"href":"https:\/\/hdpnoticias.com.ar\/index.php?rest_route=\/wp\/v2\/media\/5121"}],"wp:attachment":[{"href":"https:\/\/hdpnoticias.com.ar\/index.php?rest_route=%2Fwp%2Fv2%2Fmedia&parent=5120"}],"wp:term":[{"taxonomy":"category","embeddable":true,"href":"https:\/\/hdpnoticias.com.ar\/index.php?rest_route=%2Fwp%2Fv2%2Fcategories&post=5120"},{"taxonomy":"post_tag","embeddable":true,"href":"https:\/\/hdpnoticias.com.ar\/index.php?rest_route=%2Fwp%2Fv2%2Ftags&post=5120"}],"curies":[{"name":"wp","href":"https:\/\/api.w.org\/{rel}","templated":true}]}}