{"id":512,"date":"2023-01-23T08:07:54","date_gmt":"2023-01-23T11:07:54","guid":{"rendered":"http:\/\/hdpnoticias.com.ar\/?p=512"},"modified":"2023-01-23T08:07:56","modified_gmt":"2023-01-23T11:07:56","slug":"audiencia-publica-urgente-avanza-otro-tarifazo-de-luz","status":"publish","type":"post","link":"https:\/\/hdpnoticias.com.ar\/?p=512","title":{"rendered":"Audiencia p\u00fablica urgente: avanza otro tarifazo de luz"},"content":{"rendered":"\n<p>2022 cerr\u00f3 con un fuerte incremento de tarifas en los servicios p\u00fablicos de agua potable y energ\u00eda el\u00e9ctrica, que se acentu\u00f3 en el arranque de 2023.<\/p>\n\n\n\n<p>A trav\u00e9s de las redes sociales, los clientes de Sameep y Secheep manifiestan su indignaci\u00f3n por el impacto en su econom\u00eda, que se amplifica por el mayor consumo obligado por las altas temperaturas de esta \u00e9poca del a\u00f1o.<\/p>\n\n\n\n<p>Pero cuando las \u00faltimas subas a\u00fan no fueron asimiladas, ya vienen otras: el gobernador Jorge Capitanich firm\u00f3 el decreto 95\/23 convocando a audiencia p\u00fablica para formalizar el \u201cnuevo cuadro tarifario\u201d de energ\u00eda.<\/p>\n\n\n\n<p>La audiencia que defini\u00f3 la escala \u201canual\u201d de las tarifas de luz fue en julio de 2022, y se esperaba una convocatoia para el mismo mes, pero el Gobierno decidi\u00f3 acelerar el tr\u00e1mite y expondr\u00e1 el pr\u00f3ximo tarifazo el 24 de febrero en la Casa de las Culturas de General San Mart\u00edn, a las 9.<\/p>\n","protected":false},"excerpt":{"rendered":"<p>2022 cerr\u00f3 con un fuerte incremento de tarifas en los servicios p\u00fablicos de agua potable y energ\u00eda el\u00e9ctrica, que se acentu\u00f3 en el arranque de 2023. A trav\u00e9s de las redes sociales, los clientes de Sameep y Secheep manifiestan su indignaci\u00f3n por el impacto en su econom\u00eda, que se amplifica por el mayor consumo obligado [&hellip;]<\/p>\n","protected":false},"author":1,"featured_media":513,"comment_status":"open","ping_status":"open","sticky":false,"template":"","format":"standard","meta":{"footnotes":""},"categories":[6],"tags":[121,230,29,37,231,118,232,229],"class_list":["post-512","post","type-post","status-publish","format-standard","has-post-thumbnail","hentry","category-info-general","tag-agua","tag-audiencia","tag-capitanich","tag-chaco","tag-luz","tag-sameep","tag-secheep","tag-tarifazo"],"_links":{"self":[{"href":"https:\/\/hdpnoticias.com.ar\/index.php?rest_route=\/wp\/v2\/posts\/512","targetHints":{"allow":["GET"]}}],"collection":[{"href":"https:\/\/hdpnoticias.com.ar\/index.php?rest_route=\/wp\/v2\/posts"}],"about":[{"href":"https:\/\/hdpnoticias.com.ar\/index.php?rest_route=\/wp\/v2\/types\/post"}],"author":[{"embeddable":true,"href":"https:\/\/hdpnoticias.com.ar\/index.php?rest_route=\/wp\/v2\/users\/1"}],"replies":[{"embeddable":true,"href":"https:\/\/hdpnoticias.com.ar\/index.php?rest_route=%2Fwp%2Fv2%2Fcomments&post=512"}],"version-history":[{"count":1,"href":"https:\/\/hdpnoticias.com.ar\/index.php?rest_route=\/wp\/v2\/posts\/512\/revisions"}],"predecessor-version":[{"id":514,"href":"https:\/\/hdpnoticias.com.ar\/index.php?rest_route=\/wp\/v2\/posts\/512\/revisions\/514"}],"wp:featuredmedia":[{"embeddable":true,"href":"https:\/\/hdpnoticias.com.ar\/index.php?rest_route=\/wp\/v2\/media\/513"}],"wp:attachment":[{"href":"https:\/\/hdpnoticias.com.ar\/index.php?rest_route=%2Fwp%2Fv2%2Fmedia&parent=512"}],"wp:term":[{"taxonomy":"category","embeddable":true,"href":"https:\/\/hdpnoticias.com.ar\/index.php?rest_route=%2Fwp%2Fv2%2Fcategories&post=512"},{"taxonomy":"post_tag","embeddable":true,"href":"https:\/\/hdpnoticias.com.ar\/index.php?rest_route=%2Fwp%2Fv2%2Ftags&post=512"}],"curies":[{"name":"wp","href":"https:\/\/api.w.org\/{rel}","templated":true}]}}