{"id":5062,"date":"2023-11-13T21:52:27","date_gmt":"2023-11-14T00:52:27","guid":{"rendered":"https:\/\/hdpnoticias.com.ar\/?p=5062"},"modified":"2023-11-13T21:52:30","modified_gmt":"2023-11-14T00:52:30","slug":"83-de-inflacion-en-octubre-alimentos-subieron-1538-en-un-ano","status":"publish","type":"post","link":"https:\/\/hdpnoticias.com.ar\/?p=5062","title":{"rendered":"8,3% de inflaci\u00f3n en octubre: alimentos subieron 153,8% en un a\u00f1o"},"content":{"rendered":"\n<p>En el \u00faltimo tramo de la campa\u00f1a proselitista para el balotaje del domingo, el Indec inform\u00f3 este lunes que la inflaci\u00f3n de octubre fue de 8,3% y acumul\u00f3 en el \u00faltimo a\u00f1o 142,7% y 120 en lo que va del a\u00f1o.<\/p>\n\n\n\n<p>Es la inflaci\u00f3n interanual m\u00e1s alta de los \u00faltimos 32 a\u00f1os.<\/p>\n\n\n\n<p>El pico se dio en septiembre, cuando lleg\u00f3 a 12,4, y fue atemperada por una bater\u00eda de medidas para evitar su impacto en la campa\u00f1a electoral del ministro de Econom\u00eda: Sergio Massa, candidato del frente oficialista Uni\u00f3n por la Patria.<\/p>\n\n\n\n<p>El segmento Alimentos y bebidas no alcoh\u00f3licas, por su parte, registr\u00f3 un incremento del 134,2% entre enero y octubre y del 153,8% en el \u00faltimo a\u00f1o.<\/p>\n","protected":false},"excerpt":{"rendered":"<p>En el \u00faltimo tramo de la campa\u00f1a proselitista para el balotaje del domingo, el Indec inform\u00f3 este lunes que la inflaci\u00f3n de octubre fue de 8,3% y acumul\u00f3 en el \u00faltimo a\u00f1o 142,7% y 120 en lo que va del a\u00f1o. Es la inflaci\u00f3n interanual m\u00e1s alta de los \u00faltimos 32 a\u00f1os. El pico se [&hellip;]<\/p>\n","protected":false},"author":1,"featured_media":5063,"comment_status":"open","ping_status":"open","sticky":false,"template":"","format":"standard","meta":{"footnotes":""},"categories":[6],"tags":[239,289,1319,2890,1898],"class_list":["post-5062","post","type-post","status-publish","format-standard","has-post-thumbnail","hentry","category-info-general","tag-inflacion","tag-massa","tag-milei","tag-octubre","tag-union-por-la-patria"],"_links":{"self":[{"href":"https:\/\/hdpnoticias.com.ar\/index.php?rest_route=\/wp\/v2\/posts\/5062","targetHints":{"allow":["GET"]}}],"collection":[{"href":"https:\/\/hdpnoticias.com.ar\/index.php?rest_route=\/wp\/v2\/posts"}],"about":[{"href":"https:\/\/hdpnoticias.com.ar\/index.php?rest_route=\/wp\/v2\/types\/post"}],"author":[{"embeddable":true,"href":"https:\/\/hdpnoticias.com.ar\/index.php?rest_route=\/wp\/v2\/users\/1"}],"replies":[{"embeddable":true,"href":"https:\/\/hdpnoticias.com.ar\/index.php?rest_route=%2Fwp%2Fv2%2Fcomments&post=5062"}],"version-history":[{"count":1,"href":"https:\/\/hdpnoticias.com.ar\/index.php?rest_route=\/wp\/v2\/posts\/5062\/revisions"}],"predecessor-version":[{"id":5064,"href":"https:\/\/hdpnoticias.com.ar\/index.php?rest_route=\/wp\/v2\/posts\/5062\/revisions\/5064"}],"wp:featuredmedia":[{"embeddable":true,"href":"https:\/\/hdpnoticias.com.ar\/index.php?rest_route=\/wp\/v2\/media\/5063"}],"wp:attachment":[{"href":"https:\/\/hdpnoticias.com.ar\/index.php?rest_route=%2Fwp%2Fv2%2Fmedia&parent=5062"}],"wp:term":[{"taxonomy":"category","embeddable":true,"href":"https:\/\/hdpnoticias.com.ar\/index.php?rest_route=%2Fwp%2Fv2%2Fcategories&post=5062"},{"taxonomy":"post_tag","embeddable":true,"href":"https:\/\/hdpnoticias.com.ar\/index.php?rest_route=%2Fwp%2Fv2%2Ftags&post=5062"}],"curies":[{"name":"wp","href":"https:\/\/api.w.org\/{rel}","templated":true}]}}