{"id":5050,"date":"2023-11-12T15:05:40","date_gmt":"2023-11-12T18:05:40","guid":{"rendered":"https:\/\/hdpnoticias.com.ar\/?p=5050"},"modified":"2023-11-12T15:11:23","modified_gmt":"2023-11-12T18:11:23","slug":"el-congreso-del-pj-se-reanuda-sin-massa-lo-esperaron-3-meses-y-medio","status":"publish","type":"post","link":"https:\/\/hdpnoticias.com.ar\/?p=5050","title":{"rendered":"El Congreso del PJ se reanuda sin Massa: lo esperaron 3 meses y medio"},"content":{"rendered":"\n<p>El Congreso Provincial del Partido Justicialista se reuni\u00f3 el s\u00e1bado 29 de julio en el Club Acci\u00f3n de Presidencia Roque S\u00e1enz Pe\u00f1a para renovar autoridades y darle impulso a la candidatura a la reelecci\u00f3n de Jorge <strong><a href=\"https:\/\/hdpnoticias.com.ar\/?p=2761\">Capitanich, que hab\u00eda perdido las Paso de junio<\/a><\/strong>.<\/p>\n\n\n\n<p>A la hora de las conclusiones, la nueva presidente: la diputada provincial Claudia Panzardi, anunci\u00f3 un cuarto intermedio pedido por el propio Capitanich, que no hab\u00eda asistido por \u201ccuestiones de agenda\u201d.<\/p>\n\n\n\n<p>La idea era clausurar el Congreso el viernes siguiente con la presencia del ministro de Econom\u00eda de la Naci\u00f3n: Sergio Massa, candidato a presidente por el frente oficialista Uni\u00f3n por la Patria, aunque \u00e9ste no pertenece al PJ sino al Frente Renovador.<\/p>\n\n\n\n<p>El acto servir\u00eda tambi\u00e9n para cerrar la campa\u00f1a proselitista a una semana de las Paso nacionales. Pero Massa, aunque recorri\u00f3 gran parte el pa\u00eds, no vino a Chaco. En su lugar visit\u00f3 la provincia su compa\u00f1ero de f\u00f3rmula, el jefe de Gabinete de la Naci\u00f3n: Agust\u00edn Rossi, pero su agenda pas\u00f3 desapercibida.<\/p>\n\n\n\n<p>Finalmente el PJ decidi\u00f3 reanudar su Congreso y clausurarlo este 15 de noviembre a las 18:30 en Margarita Bel\u00e9n.<\/p>\n\n\n\n<p>La agenda de la sesi\u00f3n plantea un an\u00e1lisis de la situaci\u00f3n pol\u00edtica provincial tras <strong><a href=\"https:\/\/hdpnoticias.com.ar\/?p=4244\">la derrota electoral que le cost\u00f3 el Gobierno despu\u00e9s de 16 a\u00f1os<\/a><\/strong>, pero tambi\u00e9n oficiar\u00e1 de cierre de campa\u00f1a para el balotaje del pr\u00f3ximo domingo en el que Massa disputar\u00e1 la Presidencia de la Naci\u00f3n con Javier Milei, candidato de La Libertad Avanza.<\/p>\n\n\n\n<p>Se dice que hay gestiones para que Massa, que no podr\u00eda viajar porque desplegar\u00e1 una serie de actividades en la provincia de Buenos Aires, al menos participe por videoconferencia, pero a\u00fan no est\u00e1 confirmado.<\/p>\n","protected":false},"excerpt":{"rendered":"<p>El Congreso Provincial del Partido Justicialista se reuni\u00f3 el s\u00e1bado 29 de julio en el Club Acci\u00f3n de Presidencia Roque S\u00e1enz Pe\u00f1a para renovar autoridades y darle impulso a la candidatura a la reelecci\u00f3n de Jorge Capitanich, que hab\u00eda perdido las Paso de junio. A la hora de las conclusiones, la nueva presidente: la diputada [&hellip;]<\/p>\n","protected":false},"author":1,"featured_media":3391,"comment_status":"open","ping_status":"open","sticky":false,"template":"","format":"standard","meta":{"footnotes":""},"categories":[27],"tags":[29,251,289,1319,655,248,350,1593],"class_list":["post-5050","post","type-post","status-publish","format-standard","has-post-thumbnail","hentry","category-politica","tag-capitanich","tag-congreso","tag-massa","tag-milei","tag-panzardi","tag-pj","tag-reeleccion","tag-rossi"],"_links":{"self":[{"href":"https:\/\/hdpnoticias.com.ar\/index.php?rest_route=\/wp\/v2\/posts\/5050","targetHints":{"allow":["GET"]}}],"collection":[{"href":"https:\/\/hdpnoticias.com.ar\/index.php?rest_route=\/wp\/v2\/posts"}],"about":[{"href":"https:\/\/hdpnoticias.com.ar\/index.php?rest_route=\/wp\/v2\/types\/post"}],"author":[{"embeddable":true,"href":"https:\/\/hdpnoticias.com.ar\/index.php?rest_route=\/wp\/v2\/users\/1"}],"replies":[{"embeddable":true,"href":"https:\/\/hdpnoticias.com.ar\/index.php?rest_route=%2Fwp%2Fv2%2Fcomments&post=5050"}],"version-history":[{"count":2,"href":"https:\/\/hdpnoticias.com.ar\/index.php?rest_route=\/wp\/v2\/posts\/5050\/revisions"}],"predecessor-version":[{"id":5055,"href":"https:\/\/hdpnoticias.com.ar\/index.php?rest_route=\/wp\/v2\/posts\/5050\/revisions\/5055"}],"wp:featuredmedia":[{"embeddable":true,"href":"https:\/\/hdpnoticias.com.ar\/index.php?rest_route=\/wp\/v2\/media\/3391"}],"wp:attachment":[{"href":"https:\/\/hdpnoticias.com.ar\/index.php?rest_route=%2Fwp%2Fv2%2Fmedia&parent=5050"}],"wp:term":[{"taxonomy":"category","embeddable":true,"href":"https:\/\/hdpnoticias.com.ar\/index.php?rest_route=%2Fwp%2Fv2%2Fcategories&post=5050"},{"taxonomy":"post_tag","embeddable":true,"href":"https:\/\/hdpnoticias.com.ar\/index.php?rest_route=%2Fwp%2Fv2%2Ftags&post=5050"}],"curies":[{"name":"wp","href":"https:\/\/api.w.org\/{rel}","templated":true}]}}