{"id":4980,"date":"2023-11-07T21:30:47","date_gmt":"2023-11-08T00:30:47","guid":{"rendered":"https:\/\/hdpnoticias.com.ar\/?p=4980"},"modified":"2023-11-07T21:30:49","modified_gmt":"2023-11-08T00:30:49","slug":"piqueteros-se-enfrentaron-con-la-policia-en-la-casa-de-gobierno-4-detenidos","status":"publish","type":"post","link":"https:\/\/hdpnoticias.com.ar\/?p=4980","title":{"rendered":"Piqueteros se enfrentaron con la Polic\u00eda en la Casa de Gobierno: 4 detenidos"},"content":{"rendered":"\n<p>La ma\u00f1ana de este martes volvieron las protestas piqueteras a la Casa de Gobierno.<\/p>\n\n\n\n<p>Varias organizaciones acudieron a una reuni\u00f3n convocada por funcionarios provinciales para abordar sus reclamos, pero como no obtuvieron respuestas favorables decidieron cortar el tr\u00e1nsito en la esquina de Mitre y Marcelo Torcuato de Alvear.<\/p>\n\n\n\n<p>Despu\u00e9s de una serie de idas y vueltas, accedieron a dejar la calle e instalarse en la plaza 25 de Mayo, pero la calme dur\u00f3 muy poco: en cuesti\u00f3n de minutos comenzaron a lanzar cascotes a los efectivos que formaban parte del operativo policial de seguridad.<\/p>\n\n\n\n<p>Por esto, fueron desalojados por una formaci\u00f3n de la Divisi\u00f3n Infanter\u00eda, y 4 dirigentes terminaron detenidos: 3 varones y una mujer.<\/p>\n\n\n\n<p>Adem\u00e1s, fueron secuestrados 2 motocicletas, banderas, y varios de los objetos contundentes lanzados a los polic\u00edas.<\/p>\n","protected":false},"excerpt":{"rendered":"<p>La ma\u00f1ana de este martes volvieron las protestas piqueteras a la Casa de Gobierno. Varias organizaciones acudieron a una reuni\u00f3n convocada por funcionarios provinciales para abordar sus reclamos, pero como no obtuvieron respuestas favorables decidieron cortar el tr\u00e1nsito en la esquina de Mitre y Marcelo Torcuato de Alvear. Despu\u00e9s de una serie de idas y [&hellip;]<\/p>\n","protected":false},"author":1,"featured_media":4981,"comment_status":"open","ping_status":"open","sticky":false,"template":"","format":"standard","meta":{"footnotes":""},"categories":[26],"tags":[767,661,432,265],"class_list":["post-4980","post","type-post","status-publish","format-standard","has-post-thumbnail","hentry","category-policiales","tag-casa-de-gobierno","tag-infanteria","tag-piquete","tag-piqueteros"],"_links":{"self":[{"href":"https:\/\/hdpnoticias.com.ar\/index.php?rest_route=\/wp\/v2\/posts\/4980","targetHints":{"allow":["GET"]}}],"collection":[{"href":"https:\/\/hdpnoticias.com.ar\/index.php?rest_route=\/wp\/v2\/posts"}],"about":[{"href":"https:\/\/hdpnoticias.com.ar\/index.php?rest_route=\/wp\/v2\/types\/post"}],"author":[{"embeddable":true,"href":"https:\/\/hdpnoticias.com.ar\/index.php?rest_route=\/wp\/v2\/users\/1"}],"replies":[{"embeddable":true,"href":"https:\/\/hdpnoticias.com.ar\/index.php?rest_route=%2Fwp%2Fv2%2Fcomments&post=4980"}],"version-history":[{"count":1,"href":"https:\/\/hdpnoticias.com.ar\/index.php?rest_route=\/wp\/v2\/posts\/4980\/revisions"}],"predecessor-version":[{"id":4982,"href":"https:\/\/hdpnoticias.com.ar\/index.php?rest_route=\/wp\/v2\/posts\/4980\/revisions\/4982"}],"wp:featuredmedia":[{"embeddable":true,"href":"https:\/\/hdpnoticias.com.ar\/index.php?rest_route=\/wp\/v2\/media\/4981"}],"wp:attachment":[{"href":"https:\/\/hdpnoticias.com.ar\/index.php?rest_route=%2Fwp%2Fv2%2Fmedia&parent=4980"}],"wp:term":[{"taxonomy":"category","embeddable":true,"href":"https:\/\/hdpnoticias.com.ar\/index.php?rest_route=%2Fwp%2Fv2%2Fcategories&post=4980"},{"taxonomy":"post_tag","embeddable":true,"href":"https:\/\/hdpnoticias.com.ar\/index.php?rest_route=%2Fwp%2Fv2%2Ftags&post=4980"}],"curies":[{"name":"wp","href":"https:\/\/api.w.org\/{rel}","templated":true}]}}