{"id":4961,"date":"2023-11-05T20:25:00","date_gmt":"2023-11-05T23:25:00","guid":{"rendered":"http:\/\/hdpnoticias.com.ar\/?p=4961"},"modified":"2023-11-05T23:26:53","modified_gmt":"2023-11-06T02:26:53","slug":"angione-reelecto-en-makalle","status":"publish","type":"post","link":"https:\/\/hdpnoticias.com.ar\/?p=4961","title":{"rendered":"Angione, reelecto en Makall\u00e9"},"content":{"rendered":"\n<p>El intendente de Makall\u00e9: Marcelo Angione, fue reelecto este domingo con m\u00e1s del 40,72% de los votos, contra 30,5% del candidato de Juntos por el Cambio: Marcelo Cabrera.<\/p>\n\n\n\n<p>Claudio Svriz, del Frente Chaque\u00f1o, sum\u00f3 16,27. Y Natalia Salina, de La Nueva Opci\u00f3n, otro aliado del coquismo a nivel provincial, sum\u00f3 11,3%.-<\/p>\n\n\n\n<p>Angione lleg\u00f3 a la intendencia como candidato de Cambiemos pero r\u00e1pidamente se aline\u00f3 tras el gobernador Jorge Capitanich y esta vez compiti\u00f3 con la boleta del Nuevo Espacio de Participaci\u00f3n, el partido del diputado Juan Jos\u00e9 Bergia, que tambi\u00e9n integra el oficialista Frente Chaque\u00f1o.<\/p>\n\n\n\n<p>Tambi\u00e9n compitieron Sixto R\u00edos, de la Corriente de Expresi\u00f3n Renovada; Rolando Waneson, de La Libertad Avanza; Am\u00e9rico Romero, del Frente Integrador, y Paola G\u00f3mez, del Partido Obrero.<\/p>\n","protected":false},"excerpt":{"rendered":"<p>El intendente de Makall\u00e9: Marcelo Angione, fue reelecto este domingo con m\u00e1s del 40,72% de los votos, contra 30,5% del candidato de Juntos por el Cambio: Marcelo Cabrera. Claudio Svriz, del Frente Chaque\u00f1o, sum\u00f3 16,27. Y Natalia Salina, de La Nueva Opci\u00f3n, otro aliado del coquismo a nivel provincial, sum\u00f3 11,3%.- Angione lleg\u00f3 a la [&hellip;]<\/p>\n","protected":false},"author":1,"featured_media":4962,"comment_status":"open","ping_status":"open","sticky":false,"template":"","format":"standard","meta":{"footnotes":""},"categories":[27],"tags":[],"class_list":["post-4961","post","type-post","status-publish","format-standard","has-post-thumbnail","hentry","category-politica"],"_links":{"self":[{"href":"https:\/\/hdpnoticias.com.ar\/index.php?rest_route=\/wp\/v2\/posts\/4961","targetHints":{"allow":["GET"]}}],"collection":[{"href":"https:\/\/hdpnoticias.com.ar\/index.php?rest_route=\/wp\/v2\/posts"}],"about":[{"href":"https:\/\/hdpnoticias.com.ar\/index.php?rest_route=\/wp\/v2\/types\/post"}],"author":[{"embeddable":true,"href":"https:\/\/hdpnoticias.com.ar\/index.php?rest_route=\/wp\/v2\/users\/1"}],"replies":[{"embeddable":true,"href":"https:\/\/hdpnoticias.com.ar\/index.php?rest_route=%2Fwp%2Fv2%2Fcomments&post=4961"}],"version-history":[{"count":1,"href":"https:\/\/hdpnoticias.com.ar\/index.php?rest_route=\/wp\/v2\/posts\/4961\/revisions"}],"predecessor-version":[{"id":4963,"href":"https:\/\/hdpnoticias.com.ar\/index.php?rest_route=\/wp\/v2\/posts\/4961\/revisions\/4963"}],"wp:featuredmedia":[{"embeddable":true,"href":"https:\/\/hdpnoticias.com.ar\/index.php?rest_route=\/wp\/v2\/media\/4962"}],"wp:attachment":[{"href":"https:\/\/hdpnoticias.com.ar\/index.php?rest_route=%2Fwp%2Fv2%2Fmedia&parent=4961"}],"wp:term":[{"taxonomy":"category","embeddable":true,"href":"https:\/\/hdpnoticias.com.ar\/index.php?rest_route=%2Fwp%2Fv2%2Fcategories&post=4961"},{"taxonomy":"post_tag","embeddable":true,"href":"https:\/\/hdpnoticias.com.ar\/index.php?rest_route=%2Fwp%2Fv2%2Ftags&post=4961"}],"curies":[{"name":"wp","href":"https:\/\/api.w.org\/{rel}","templated":true}]}}