{"id":4954,"date":"2023-11-05T21:55:43","date_gmt":"2023-11-06T00:55:43","guid":{"rendered":"http:\/\/hdpnoticias.com.ar\/?p=4954"},"modified":"2023-11-05T21:57:57","modified_gmt":"2023-11-06T00:57:57","slug":"el-radicalismo-recupero-resistencia-roy-nikisch-es-el-nuevo-intendente","status":"publish","type":"post","link":"https:\/\/hdpnoticias.com.ar\/?p=4954","title":{"rendered":"El radicalismo recuper\u00f3 Resistencia: Roy Nikisch fue electo intendente"},"content":{"rendered":"\n<p>El exgobernador, exsenador y exdiputado provincial Roy Nikisch, candidato de Juntos por el Cambio, fue electo este domingo intendente de Resistencia por un amplio margen.<\/p>\n\n\n\n<p>Con casi la totalidad de las mesas escrutadas, Nikisch sum\u00f3 43,52% de los votos, contra el 26,91 de la presidente de la Legislatura: \u00c9lida Cuesta, de la Corriente de Expresi\u00f3n Renovada, que lidera el intendente Gustavo Mart\u00ednez.<\/p>\n\n\n\n<p>En el tercer lugar se ubic\u00f3 el candidato del Frente Chaque\u00f1o del gobernador Jorge Capitanich, Diego Ar\u00e9valo, presidente del Instituto Provincial de Desarrollo Urbano y Vivienda.<\/p>\n\n\n\n<p>Detr\u00e1s aparecieron 2 candidatos \u201clibertarios\u201d. el titular de la Fundaci\u00f3n Ciudad limpia, Carlos Alabe, de La Libertad Avanza, con 6,47%, y Gustavo Olivello, polic\u00eda retirado y exfuncionario de Capitanich, de Libertarios en Acci\u00f3n, con 3,64.<\/p>\n\n\n\n<p>El exsenador, exministro de Econom\u00eda y expresidente de la Legislatura: Eduardo Aguilar, del Frente por la Educaci\u00f3n y el Trabajo, qued\u00f3 muy atr\u00e1s con 1,26. Y cerr\u00f3 Oscar Deniz, del Partido Obrero, con 0,62.<\/p>\n\n\n\n<p>As\u00ed, despu\u00e9s de 2 per\u00edodos el radicalismo recupera la Municipalidad de Resistencia que perdiera en 2015 a manos de Capitanich, que derrot\u00f3 por ajustado margen a Zdero.<\/p>\n","protected":false},"excerpt":{"rendered":"<p>El exgobernador, exsenador y exdiputado provincial Roy Nikisch, candidato de Juntos por el Cambio, fue electo este domingo intendente de Resistencia por un amplio margen. Con casi la totalidad de las mesas escrutadas, Nikisch sum\u00f3 43,52% de los votos, contra el 26,91 de la presidente de la Legislatura: \u00c9lida Cuesta, de la Corriente de Expresi\u00f3n [&hellip;]<\/p>\n","protected":false},"author":1,"featured_media":4955,"comment_status":"open","ping_status":"open","sticky":false,"template":"","format":"standard","meta":{"footnotes":""},"categories":[27],"tags":[1397,2843,1583,1461,1955,1859,2845,2844],"class_list":["post-4954","post","type-post","status-publish","format-standard","has-post-thumbnail","hentry","category-politica","tag-aguilar","tag-alabe","tag-juntos","tag-libertarios","tag-nikisch","tag-partido-obrero","tag-radicalismo","tag-roy"],"_links":{"self":[{"href":"https:\/\/hdpnoticias.com.ar\/index.php?rest_route=\/wp\/v2\/posts\/4954","targetHints":{"allow":["GET"]}}],"collection":[{"href":"https:\/\/hdpnoticias.com.ar\/index.php?rest_route=\/wp\/v2\/posts"}],"about":[{"href":"https:\/\/hdpnoticias.com.ar\/index.php?rest_route=\/wp\/v2\/types\/post"}],"author":[{"embeddable":true,"href":"https:\/\/hdpnoticias.com.ar\/index.php?rest_route=\/wp\/v2\/users\/1"}],"replies":[{"embeddable":true,"href":"https:\/\/hdpnoticias.com.ar\/index.php?rest_route=%2Fwp%2Fv2%2Fcomments&post=4954"}],"version-history":[{"count":2,"href":"https:\/\/hdpnoticias.com.ar\/index.php?rest_route=\/wp\/v2\/posts\/4954\/revisions"}],"predecessor-version":[{"id":4957,"href":"https:\/\/hdpnoticias.com.ar\/index.php?rest_route=\/wp\/v2\/posts\/4954\/revisions\/4957"}],"wp:featuredmedia":[{"embeddable":true,"href":"https:\/\/hdpnoticias.com.ar\/index.php?rest_route=\/wp\/v2\/media\/4955"}],"wp:attachment":[{"href":"https:\/\/hdpnoticias.com.ar\/index.php?rest_route=%2Fwp%2Fv2%2Fmedia&parent=4954"}],"wp:term":[{"taxonomy":"category","embeddable":true,"href":"https:\/\/hdpnoticias.com.ar\/index.php?rest_route=%2Fwp%2Fv2%2Fcategories&post=4954"},{"taxonomy":"post_tag","embeddable":true,"href":"https:\/\/hdpnoticias.com.ar\/index.php?rest_route=%2Fwp%2Fv2%2Ftags&post=4954"}],"curies":[{"name":"wp","href":"https:\/\/api.w.org\/{rel}","templated":true}]}}