{"id":4933,"date":"2023-11-04T15:40:15","date_gmt":"2023-11-04T18:40:15","guid":{"rendered":"http:\/\/hdpnoticias.com.ar\/?p=4933"},"modified":"2023-11-04T15:40:17","modified_gmt":"2023-11-04T18:40:17","slug":"un-adolescente-muerto-y-3-heridos-en-balacera-en-pampa-del-indio","status":"publish","type":"post","link":"https:\/\/hdpnoticias.com.ar\/?p=4933","title":{"rendered":"Un adolescente muerto y 3 heridos en balacera en Pampa del Indio"},"content":{"rendered":"\n<p>La madrugada de este s\u00e1bado vecinos alertaron a la Polic\u00eda sobre una pelea a tiros en el barrio 100 Viviendas, de Pampa del Indio.<\/p>\n\n\n\n<p>Cuando lleg\u00f3 la Polic\u00eda encontr\u00f3 a Mario L\u00f3pez, de 17 a\u00f1os, muerto a tiros, y 2 heridos: un adolescente de la misma edad con un balazo en un muslo, y otro de 20 con un disparo en el abdomen.<\/p>\n\n\n\n<p>Los heridos, que estaban alcoholizados, fueron trasladados al hospital, y en ese momento se present\u00f3 otro joven, de 18 a\u00f1os, con heridas de arma de fuego en ambos muslos.<\/p>\n\n\n\n<p>Los 3 fueron trasladados al hospital de General San Mart\u00edn para una mejor asistencia.<\/p>\n\n\n\n<p>M\u00e1s tarde, tras recabar informaci\u00f3n sobre los posibles autores de los disparos, la Polic\u00eda detuvo a 2 j\u00f3venes de 23 y 18 a\u00f1os, y a un menor de 17, y secuestr\u00f3 un rifle de aire comprimido adaptado para proyectiles calibre 22, que habr\u00eda sido utilizado en el hecho.<\/p>\n","protected":false},"excerpt":{"rendered":"<p>La madrugada de este s\u00e1bado vecinos alertaron a la Polic\u00eda sobre una pelea a tiros en el barrio 100 Viviendas, de Pampa del Indio. Cuando lleg\u00f3 la Polic\u00eda encontr\u00f3 a Mario L\u00f3pez, de 17 a\u00f1os, muerto a tiros, y 2 heridos: un adolescente de la misma edad con un balazo en un muslo, y otro [&hellip;]<\/p>\n","protected":false},"author":1,"featured_media":4935,"comment_status":"open","ping_status":"open","sticky":false,"template":"","format":"standard","meta":{"footnotes":""},"categories":[26],"tags":[2287,2054,946,37,755,55,534],"class_list":["post-4933","post","type-post","status-publish","format-standard","has-post-thumbnail","hentry","category-policiales","tag-aire-comprimido","tag-balacera","tag-calibre-22","tag-chaco","tag-pampa-del-indio","tag-policia","tag-san-martin"],"_links":{"self":[{"href":"https:\/\/hdpnoticias.com.ar\/index.php?rest_route=\/wp\/v2\/posts\/4933","targetHints":{"allow":["GET"]}}],"collection":[{"href":"https:\/\/hdpnoticias.com.ar\/index.php?rest_route=\/wp\/v2\/posts"}],"about":[{"href":"https:\/\/hdpnoticias.com.ar\/index.php?rest_route=\/wp\/v2\/types\/post"}],"author":[{"embeddable":true,"href":"https:\/\/hdpnoticias.com.ar\/index.php?rest_route=\/wp\/v2\/users\/1"}],"replies":[{"embeddable":true,"href":"https:\/\/hdpnoticias.com.ar\/index.php?rest_route=%2Fwp%2Fv2%2Fcomments&post=4933"}],"version-history":[{"count":1,"href":"https:\/\/hdpnoticias.com.ar\/index.php?rest_route=\/wp\/v2\/posts\/4933\/revisions"}],"predecessor-version":[{"id":4936,"href":"https:\/\/hdpnoticias.com.ar\/index.php?rest_route=\/wp\/v2\/posts\/4933\/revisions\/4936"}],"wp:featuredmedia":[{"embeddable":true,"href":"https:\/\/hdpnoticias.com.ar\/index.php?rest_route=\/wp\/v2\/media\/4935"}],"wp:attachment":[{"href":"https:\/\/hdpnoticias.com.ar\/index.php?rest_route=%2Fwp%2Fv2%2Fmedia&parent=4933"}],"wp:term":[{"taxonomy":"category","embeddable":true,"href":"https:\/\/hdpnoticias.com.ar\/index.php?rest_route=%2Fwp%2Fv2%2Fcategories&post=4933"},{"taxonomy":"post_tag","embeddable":true,"href":"https:\/\/hdpnoticias.com.ar\/index.php?rest_route=%2Fwp%2Fv2%2Ftags&post=4933"}],"curies":[{"name":"wp","href":"https:\/\/api.w.org\/{rel}","templated":true}]}}