{"id":4885,"date":"2023-10-31T07:13:31","date_gmt":"2023-10-31T10:13:31","guid":{"rendered":"http:\/\/hdpnoticias.com.ar\/?p=4885"},"modified":"2023-10-31T07:13:33","modified_gmt":"2023-10-31T10:13:33","slug":"desaparecidos-en-el-parana-encontraron-el-cuerpo-de-uno-de-los-pescadores-chaquenos","status":"publish","type":"post","link":"https:\/\/hdpnoticias.com.ar\/?p=4885","title":{"rendered":"Desaparecidos en el Paran\u00e1: encontraron el cuerpo de uno de los pescadores chaque\u00f1os"},"content":{"rendered":"\n<p>La tarde del lunes Prefectura Naval encontr\u00f3 el cuerpo de Carlos Dionisio B\u00e1ez, de 53 a\u00f1os, el pescador chaque\u00f1o desaparecido junto a su amigo Alejandro Alfredo Gonz\u00e1lez, de 42, cuando navegaban en una canoa en el r\u00edo Paran\u00e1 el 7 de octubre.<\/p>\n\n\n\n<p>Otros amigos que lo segu\u00edan desde la costa de Puerto Vilelas denunciaron que hab\u00edan desaparecido de la vista tras el paso de una barcaza. Hab\u00edan salido a buscarlos pero no pudieron hallarlo.<\/p>\n\n\n\n<p>El 11 de octubre durante el operativo de b\u00fasqueda fue hallada la canoa en las costas de la localidad correntina El Sombrero, y ahora B\u00e1ez apareci\u00f3 aguas abajo en Derqui.<\/p>\n\n\n\n<p>El cuerpo fue trasladado al hospital de Empedrado, hasta donde fueron llamados sus familiares para el reconocimiento de rigor, y despu\u00e9s tra\u00eddo a la provincia.<\/p>\n\n\n\n<p>Este martes se intensificar\u00e1 la b\u00fasqueda de Gonz\u00e1lez en la zona en la que aparecieron los restos de su amigo.<\/p>\n","protected":false},"excerpt":{"rendered":"<p>La tarde del lunes Prefectura Naval encontr\u00f3 el cuerpo de Carlos Dionisio B\u00e1ez, de 53 a\u00f1os, el pescador chaque\u00f1o desaparecido junto a su amigo Alejandro Alfredo Gonz\u00e1lez, de 42, cuando navegaban en una canoa en el r\u00edo Paran\u00e1 el 7 de octubre. Otros amigos que lo segu\u00edan desde la costa de Puerto Vilelas denunciaron que [&hellip;]<\/p>\n","protected":false},"author":1,"featured_media":4886,"comment_status":"open","ping_status":"open","sticky":false,"template":"","format":"standard","meta":{"footnotes":""},"categories":[26],"tags":[422,2807,226,2808,618,191,2806,1712,328],"class_list":["post-4885","post","type-post","status-publish","format-standard","has-post-thumbnail","hentry","category-policiales","tag-chaquenos","tag-derqui","tag-desaparecidos","tag-el-sombrero","tag-empedrado","tag-parana","tag-pescadores","tag-prefectura","tag-puerto-vilelas"],"_links":{"self":[{"href":"https:\/\/hdpnoticias.com.ar\/index.php?rest_route=\/wp\/v2\/posts\/4885","targetHints":{"allow":["GET"]}}],"collection":[{"href":"https:\/\/hdpnoticias.com.ar\/index.php?rest_route=\/wp\/v2\/posts"}],"about":[{"href":"https:\/\/hdpnoticias.com.ar\/index.php?rest_route=\/wp\/v2\/types\/post"}],"author":[{"embeddable":true,"href":"https:\/\/hdpnoticias.com.ar\/index.php?rest_route=\/wp\/v2\/users\/1"}],"replies":[{"embeddable":true,"href":"https:\/\/hdpnoticias.com.ar\/index.php?rest_route=%2Fwp%2Fv2%2Fcomments&post=4885"}],"version-history":[{"count":1,"href":"https:\/\/hdpnoticias.com.ar\/index.php?rest_route=\/wp\/v2\/posts\/4885\/revisions"}],"predecessor-version":[{"id":4887,"href":"https:\/\/hdpnoticias.com.ar\/index.php?rest_route=\/wp\/v2\/posts\/4885\/revisions\/4887"}],"wp:featuredmedia":[{"embeddable":true,"href":"https:\/\/hdpnoticias.com.ar\/index.php?rest_route=\/wp\/v2\/media\/4886"}],"wp:attachment":[{"href":"https:\/\/hdpnoticias.com.ar\/index.php?rest_route=%2Fwp%2Fv2%2Fmedia&parent=4885"}],"wp:term":[{"taxonomy":"category","embeddable":true,"href":"https:\/\/hdpnoticias.com.ar\/index.php?rest_route=%2Fwp%2Fv2%2Fcategories&post=4885"},{"taxonomy":"post_tag","embeddable":true,"href":"https:\/\/hdpnoticias.com.ar\/index.php?rest_route=%2Fwp%2Fv2%2Ftags&post=4885"}],"curies":[{"name":"wp","href":"https:\/\/api.w.org\/{rel}","templated":true}]}}