{"id":4879,"date":"2023-10-30T16:21:19","date_gmt":"2023-10-30T19:21:19","guid":{"rendered":"http:\/\/hdpnoticias.com.ar\/?p=4879"},"modified":"2023-11-24T07:14:58","modified_gmt":"2023-11-24T10:14:58","slug":"operativo-retirada-zdero-advierte-que-buscan-reventar-el-estado","status":"publish","type":"post","link":"https:\/\/hdpnoticias.com.ar\/?p=4879","title":{"rendered":"Operativo retirada: Zdero advierte que buscan \u201creventar el Estado\u201d"},"content":{"rendered":"\n<p>El diputado provincial radical Leandro Zdero, que el pr\u00f3ximo 10 de diciembre asumir\u00e1 como gobernador de Chaco, advirti\u00f3 sobre las consecuencias del \u201coperativo retirada\u201d del gobernador Jorge Capitanich detr\u00e1s de su decisi\u00f3n de incorporar personal a la planta permanente del Estado.<\/p>\n\n\n\n<p>Para Zdero, la actual gesti\u00f3n utiliza un reclamo leg\u00edtimo de los trabajadores precarizados desde hace tantos a\u00f1os, para disimular la incorporaci\u00f3n de amigos, militantes y punteros pol\u00edticos como empleados p\u00fablicos.<\/p>\n\n\n\n<p>Por esto acusa a la actual administraci\u00f3n de falta de madurez, y ve una clara maniobra para \u201creventar el Estado\u201d, comprometiendo no s\u00f3lo la pr\u00f3xima gesti\u00f3n, sino los intereses de todos los chaque\u00f1os.<\/p>\n\n\n\n<p>&#8220;La carga que hoy pesa sobre los chaque\u00f1os es enorme y no es justo que debamos asumir adicionalmente esta mochila de acomodados de \u00faltimo momento&#8221;, expres\u00f3.<\/p>\n\n\n\n<p>Zdero dijo conocer cabalmente la situaci\u00f3n en la que se desempe\u00f1aron los trabajadores precarizados durante todos estos a\u00f1os y record\u00f3 las veces que desde la oposici\u00f3n plantearon planes de regularizaci\u00f3n laboral sin ser escuchados por el Gobierno.<\/p>\n\n\n\n<p>Frente a esto, dijo que trabajar\u00e1 para terminar con este tipo de irregularidades, pero advirti\u00f3 que no admitir\u00e1 cuestiones oscuras como las de este proceso de \u00faltima hora perge\u00f1ado por Capitanich.<\/p>\n","protected":false},"excerpt":{"rendered":"<p>El diputado provincial radical Leandro Zdero, que el pr\u00f3ximo 10 de diciembre asumir\u00e1 como gobernador de Chaco, advirti\u00f3 sobre las consecuencias del \u201coperativo retirada\u201d del gobernador Jorge Capitanich detr\u00e1s de su decisi\u00f3n de incorporar personal a la planta permanente del Estado. Para Zdero, la actual gesti\u00f3n utiliza un reclamo leg\u00edtimo de los trabajadores precarizados desde [&hellip;]<\/p>\n","protected":false},"author":1,"featured_media":4880,"comment_status":"open","ping_status":"open","sticky":false,"template":"","format":"standard","meta":{"footnotes":""},"categories":[27],"tags":[29,37,36,450,2032,2033,2674,2465,921],"class_list":["post-4879","post","type-post","status-publish","format-standard","has-post-thumbnail","hentry","category-politica","tag-capitanich","tag-chaco","tag-gobierno","tag-juntos-por-el-cambio","tag-pase-a-planta","tag-precarizados","tag-retirada","tag-trabajadores","tag-zdero"],"_links":{"self":[{"href":"https:\/\/hdpnoticias.com.ar\/index.php?rest_route=\/wp\/v2\/posts\/4879","targetHints":{"allow":["GET"]}}],"collection":[{"href":"https:\/\/hdpnoticias.com.ar\/index.php?rest_route=\/wp\/v2\/posts"}],"about":[{"href":"https:\/\/hdpnoticias.com.ar\/index.php?rest_route=\/wp\/v2\/types\/post"}],"author":[{"embeddable":true,"href":"https:\/\/hdpnoticias.com.ar\/index.php?rest_route=\/wp\/v2\/users\/1"}],"replies":[{"embeddable":true,"href":"https:\/\/hdpnoticias.com.ar\/index.php?rest_route=%2Fwp%2Fv2%2Fcomments&post=4879"}],"version-history":[{"count":3,"href":"https:\/\/hdpnoticias.com.ar\/index.php?rest_route=\/wp\/v2\/posts\/4879\/revisions"}],"predecessor-version":[{"id":5169,"href":"https:\/\/hdpnoticias.com.ar\/index.php?rest_route=\/wp\/v2\/posts\/4879\/revisions\/5169"}],"wp:featuredmedia":[{"embeddable":true,"href":"https:\/\/hdpnoticias.com.ar\/index.php?rest_route=\/wp\/v2\/media\/4880"}],"wp:attachment":[{"href":"https:\/\/hdpnoticias.com.ar\/index.php?rest_route=%2Fwp%2Fv2%2Fmedia&parent=4879"}],"wp:term":[{"taxonomy":"category","embeddable":true,"href":"https:\/\/hdpnoticias.com.ar\/index.php?rest_route=%2Fwp%2Fv2%2Fcategories&post=4879"},{"taxonomy":"post_tag","embeddable":true,"href":"https:\/\/hdpnoticias.com.ar\/index.php?rest_route=%2Fwp%2Fv2%2Ftags&post=4879"}],"curies":[{"name":"wp","href":"https:\/\/api.w.org\/{rel}","templated":true}]}}