{"id":4873,"date":"2023-10-30T07:02:33","date_gmt":"2023-10-30T10:02:33","guid":{"rendered":"http:\/\/hdpnoticias.com.ar\/?p=4873"},"modified":"2023-10-30T07:02:35","modified_gmt":"2023-10-30T10:02:35","slug":"finde-extralargo-y-semana-extracorta-en-la-administracion-publica","status":"publish","type":"post","link":"https:\/\/hdpnoticias.com.ar\/?p=4873","title":{"rendered":"Finde extralargo y semana extracorta en la Administraci\u00f3n P\u00fablica"},"content":{"rendered":"\n<p>El gobernador Jorge Capitanich decret\u00f3 este lunes un \u201casueto puente\u201d a pedido del gremio mayoritario de los trabajadores estatales: UPCP, para sumar al del martes 31 de octubre, no laborable por la celebraci\u00f3n del D\u00eda del Empleado P\u00fablico.<\/p>\n\n\n\n<p>As\u00ed, al fin de semana de 4 d\u00edas le seguir\u00e1 una semana laboral de 2 d\u00edas interrumpida por el asueto del jueves 2 de noviembre por la conmemoraci\u00f3n del D\u00eda de los Fieles Difuntos.<\/p>\n\n\n\n<p>El Gobernador argument\u00f3 su decisi\u00f3n en &#8220;la labor que cotidianamente desarrolla el empleado p\u00fablico, al servicio de la sociedad, teniendo en cuenta su car\u00e1cter de columna vertebral en la organizaci\u00f3n del Estado provincial, como ejecutor de las pol\u00edticas p\u00fablicas, se plasma en el presente. En ese contexto, se concede &#8220;un fin de semana extendido para posibilitar disfrutar su d\u00eda con su grupo familiar&#8221;.<\/p>\n","protected":false},"excerpt":{"rendered":"<p>El gobernador Jorge Capitanich decret\u00f3 este lunes un \u201casueto puente\u201d a pedido del gremio mayoritario de los trabajadores estatales: UPCP, para sumar al del martes 31 de octubre, no laborable por la celebraci\u00f3n del D\u00eda del Empleado P\u00fablico. As\u00ed, al fin de semana de 4 d\u00edas le seguir\u00e1 una semana laboral de 2 d\u00edas interrumpida [&hellip;]<\/p>\n","protected":false},"author":1,"featured_media":4874,"comment_status":"open","ping_status":"open","sticky":false,"template":"","format":"standard","meta":{"footnotes":""},"categories":[6],"tags":[2804,29,37,943,2805,244,36,1629],"class_list":["post-4873","post","type-post","status-publish","format-standard","has-post-thumbnail","hentry","category-info-general","tag-asueto","tag-capitanich","tag-chaco","tag-decreto","tag-difuntos","tag-gobernador","tag-gobierno","tag-upcp"],"_links":{"self":[{"href":"https:\/\/hdpnoticias.com.ar\/index.php?rest_route=\/wp\/v2\/posts\/4873","targetHints":{"allow":["GET"]}}],"collection":[{"href":"https:\/\/hdpnoticias.com.ar\/index.php?rest_route=\/wp\/v2\/posts"}],"about":[{"href":"https:\/\/hdpnoticias.com.ar\/index.php?rest_route=\/wp\/v2\/types\/post"}],"author":[{"embeddable":true,"href":"https:\/\/hdpnoticias.com.ar\/index.php?rest_route=\/wp\/v2\/users\/1"}],"replies":[{"embeddable":true,"href":"https:\/\/hdpnoticias.com.ar\/index.php?rest_route=%2Fwp%2Fv2%2Fcomments&post=4873"}],"version-history":[{"count":1,"href":"https:\/\/hdpnoticias.com.ar\/index.php?rest_route=\/wp\/v2\/posts\/4873\/revisions"}],"predecessor-version":[{"id":4875,"href":"https:\/\/hdpnoticias.com.ar\/index.php?rest_route=\/wp\/v2\/posts\/4873\/revisions\/4875"}],"wp:featuredmedia":[{"embeddable":true,"href":"https:\/\/hdpnoticias.com.ar\/index.php?rest_route=\/wp\/v2\/media\/4874"}],"wp:attachment":[{"href":"https:\/\/hdpnoticias.com.ar\/index.php?rest_route=%2Fwp%2Fv2%2Fmedia&parent=4873"}],"wp:term":[{"taxonomy":"category","embeddable":true,"href":"https:\/\/hdpnoticias.com.ar\/index.php?rest_route=%2Fwp%2Fv2%2Fcategories&post=4873"},{"taxonomy":"post_tag","embeddable":true,"href":"https:\/\/hdpnoticias.com.ar\/index.php?rest_route=%2Fwp%2Fv2%2Ftags&post=4873"}],"curies":[{"name":"wp","href":"https:\/\/api.w.org\/{rel}","templated":true}]}}