{"id":4864,"date":"2023-10-29T06:45:49","date_gmt":"2023-10-29T09:45:49","guid":{"rendered":"http:\/\/hdpnoticias.com.ar\/?p=4864"},"modified":"2023-10-29T06:45:50","modified_gmt":"2023-10-29T09:45:50","slug":"capitanich-critica-a-milei-como-critico-a-zdero-no-tiene-experiencia","status":"publish","type":"post","link":"https:\/\/hdpnoticias.com.ar\/?p=4864","title":{"rendered":"Capitanich critica a Milei como critic\u00f3 a Zdero: No tiene experiencia"},"content":{"rendered":"\n<p>El gobernador Jorge Capitanich reapareci\u00f3 en los medios nacionales despu\u00e9s de la derrota del 17 de septiembre, cuando fracas\u00f3 en la b\u00fasqueda de otra reelecci\u00f3n y su cuarto mandato.<\/p>\n\n\n\n<p>En una entrevista radial analiz\u00f3 el escenario pol\u00edtico nacional frente al balotaje entre el ministro de Econom\u00eda: Sergio Massa, y Javier Milei, candidato de La Libertad Avanza.<\/p>\n\n\n\n<p>Hizo un parang\u00f3n definiendo a Massa como el indicado para liderar el pa\u00eds en este momento, y de Milei dijo que \u201cha demostrado una insensibilidad cr\u00f3nica, un problema de falta de estructura pol\u00edtica y falta de experiencia para el ejercicio de la gobernanza\u201d, requisitos que est\u00e1 convencido que el candidato oficialista cumple con creces.<\/p>\n\n\n\n<p>\u201cCuando uno tiene la responsabilidad de conducir un municipio, una provincia o un pa\u00eds, tiene que tener un conocimiento exhaustivo del territorio, de las personas que viven en el territorio y de su cultura. Y un conocimiento muy amplio de las \u00e1reas de gobernanza y sobre todo de las relaciones pol\u00edticas nacionales, internacionales, las perspectivas de car\u00e1cter regional y eso se construye a trav\u00e9s del tiempo\u201d, dijo.<\/p>\n\n\n\n<p>Y complet\u00f3: \u201cNo se puede irrumpir en la escena y creer que se entiende todo porque hay que aprender y porque es indispensable entender la l\u00f3gica de los acontecimientos\u201d.<\/p>\n\n\n\n<p>Casualmente, durante la reciente campa\u00f1a proselitista hab\u00eda tachado de falto de experiencia al diputado radical Leandro Zdero, de Juntos por el Cambio, que sin embargo termin\u00f3 derrot\u00e1ndolo en primera vuelta y el pr\u00f3ximo 10 de diciembre asumir\u00e1 como gobernador.<\/p>\n","protected":false},"excerpt":{"rendered":"<p>El gobernador Jorge Capitanich reapareci\u00f3 en los medios nacionales despu\u00e9s de la derrota del 17 de septiembre, cuando fracas\u00f3 en la b\u00fasqueda de otra reelecci\u00f3n y su cuarto mandato. En una entrevista radial analiz\u00f3 el escenario pol\u00edtico nacional frente al balotaje entre el ministro de Econom\u00eda: Sergio Massa, y Javier Milei, candidato de La Libertad [&hellip;]<\/p>\n","protected":false},"author":1,"featured_media":3534,"comment_status":"open","ping_status":"open","sticky":false,"template":"","format":"standard","meta":{"footnotes":""},"categories":[27],"tags":[29,37,246,2325,289,1319,562,350,1898,921],"class_list":["post-4864","post","type-post","status-publish","format-standard","has-post-thumbnail","hentry","category-politica","tag-capitanich","tag-chaco","tag-elecciones","tag-la-libertad-avanza","tag-massa","tag-milei","tag-presidenciales","tag-reeleccion","tag-union-por-la-patria","tag-zdero"],"_links":{"self":[{"href":"https:\/\/hdpnoticias.com.ar\/index.php?rest_route=\/wp\/v2\/posts\/4864","targetHints":{"allow":["GET"]}}],"collection":[{"href":"https:\/\/hdpnoticias.com.ar\/index.php?rest_route=\/wp\/v2\/posts"}],"about":[{"href":"https:\/\/hdpnoticias.com.ar\/index.php?rest_route=\/wp\/v2\/types\/post"}],"author":[{"embeddable":true,"href":"https:\/\/hdpnoticias.com.ar\/index.php?rest_route=\/wp\/v2\/users\/1"}],"replies":[{"embeddable":true,"href":"https:\/\/hdpnoticias.com.ar\/index.php?rest_route=%2Fwp%2Fv2%2Fcomments&post=4864"}],"version-history":[{"count":1,"href":"https:\/\/hdpnoticias.com.ar\/index.php?rest_route=\/wp\/v2\/posts\/4864\/revisions"}],"predecessor-version":[{"id":4865,"href":"https:\/\/hdpnoticias.com.ar\/index.php?rest_route=\/wp\/v2\/posts\/4864\/revisions\/4865"}],"wp:featuredmedia":[{"embeddable":true,"href":"https:\/\/hdpnoticias.com.ar\/index.php?rest_route=\/wp\/v2\/media\/3534"}],"wp:attachment":[{"href":"https:\/\/hdpnoticias.com.ar\/index.php?rest_route=%2Fwp%2Fv2%2Fmedia&parent=4864"}],"wp:term":[{"taxonomy":"category","embeddable":true,"href":"https:\/\/hdpnoticias.com.ar\/index.php?rest_route=%2Fwp%2Fv2%2Fcategories&post=4864"},{"taxonomy":"post_tag","embeddable":true,"href":"https:\/\/hdpnoticias.com.ar\/index.php?rest_route=%2Fwp%2Fv2%2Ftags&post=4864"}],"curies":[{"name":"wp","href":"https:\/\/api.w.org\/{rel}","templated":true}]}}