{"id":4846,"date":"2023-10-27T17:41:40","date_gmt":"2023-10-27T20:41:40","guid":{"rendered":"http:\/\/hdpnoticias.com.ar\/?p=4846"},"modified":"2023-10-27T17:41:42","modified_gmt":"2023-10-27T20:41:42","slug":"bien-lejos-que-lugar-le-dio-massa-a-capitanich-en-el-nuevo-pj","status":"publish","type":"post","link":"https:\/\/hdpnoticias.com.ar\/?p=4846","title":{"rendered":"Bien lejos: qu\u00e9 lugar le dio Massa a Capitanich en el nuevo PJ"},"content":{"rendered":"\n<p>El ministro de Econom\u00eda: Sergio Massa, candidato presidencial de Uni\u00f3n por la Patria, reuni\u00f3 a los gobernadores oficialistas para que manifiesten a viva voz su respaldo en el balotaje del 19 de noviembre, despu\u00e9s de recuperarse del tercer puesto en las Paso y ganar la primera vuelta.<\/p>\n\n\n\n<p>El respaldo de sus propios partidarios resulta obvio pero, como bien dicen: lo que abunda no da\u00f1a.<\/p>\n\n\n\n<p>La reuni\u00f3n se dio despu\u00e9s de que Patricia Bullrich y un sector de Juntos por el Cambio anunciara su apoyo al candidato de La Libertad Avanza: Javier Milei.<\/p>\n\n\n\n<p>A la hora de la foto de equipo, Massa, convertido en la principal figura del peronismo, brome\u00f3: \u201cFaltaba alguien que ordene al PJ\u201d, dijo mientras los acomodaba uno por uno tom\u00e1ndolos de un brazo.<\/p>\n\n\n\n<p>Al final el gobernador chaque\u00f1o, que en el arranque del a\u00f1o electoral aparec\u00eda en los titulares como uno de los presidenciales m\u00e1s n\u00edtidos, termin\u00f3 con un pie fuera de la instant\u00e1nea: no s\u00f3lo fue desplazado del centro a un extremo de la imagen, sino que tambi\u00e9n qued\u00f3 relegado a la segunda fila.<\/p>\n\n\n\n<p>Como consecuencia de esto, no apareci\u00f3 en ning\u00fan medio porque las proporciones de las panor\u00e1micas invitan a cortar los extremos que, generalmente, no aportan demasiado.<\/p>\n\n\n\n<p>La derrota de Capitanich, que fracas\u00f3 en la b\u00fasqueda de su cuarto mandato, explica su devaluaci\u00f3n en la escena, pero, parad\u00f3jicamente, el multireelecto gobernador de Formosa: Gildo Insfr\u00e1n, haya merecido id\u00e9ntica ubicaci\u00f3n en el otro extremo.<\/p>\n","protected":false},"excerpt":{"rendered":"<p>El ministro de Econom\u00eda: Sergio Massa, candidato presidencial de Uni\u00f3n por la Patria, reuni\u00f3 a los gobernadores oficialistas para que manifiesten a viva voz su respaldo en el balotaje del 19 de noviembre, despu\u00e9s de recuperarse del tercer puesto en las Paso y ganar la primera vuelta. El respaldo de sus propios partidarios resulta obvio [&hellip;]<\/p>\n","protected":false},"author":1,"featured_media":4847,"comment_status":"open","ping_status":"open","sticky":false,"template":"","format":"standard","meta":{"footnotes":""},"categories":[1],"tags":[559,29,37,887,2789,2741,2325,289,1319,248],"class_list":["post-4846","post","type-post","status-publish","format-standard","has-post-thumbnail","hentry","category-pescado-podrido","tag-bullrich","tag-capitanich","tag-chaco","tag-conductor","tag-juntos-pro-el-cambio","tag-la-libertad","tag-la-libertad-avanza","tag-massa","tag-milei","tag-pj"],"_links":{"self":[{"href":"https:\/\/hdpnoticias.com.ar\/index.php?rest_route=\/wp\/v2\/posts\/4846","targetHints":{"allow":["GET"]}}],"collection":[{"href":"https:\/\/hdpnoticias.com.ar\/index.php?rest_route=\/wp\/v2\/posts"}],"about":[{"href":"https:\/\/hdpnoticias.com.ar\/index.php?rest_route=\/wp\/v2\/types\/post"}],"author":[{"embeddable":true,"href":"https:\/\/hdpnoticias.com.ar\/index.php?rest_route=\/wp\/v2\/users\/1"}],"replies":[{"embeddable":true,"href":"https:\/\/hdpnoticias.com.ar\/index.php?rest_route=%2Fwp%2Fv2%2Fcomments&post=4846"}],"version-history":[{"count":1,"href":"https:\/\/hdpnoticias.com.ar\/index.php?rest_route=\/wp\/v2\/posts\/4846\/revisions"}],"predecessor-version":[{"id":4848,"href":"https:\/\/hdpnoticias.com.ar\/index.php?rest_route=\/wp\/v2\/posts\/4846\/revisions\/4848"}],"wp:featuredmedia":[{"embeddable":true,"href":"https:\/\/hdpnoticias.com.ar\/index.php?rest_route=\/wp\/v2\/media\/4847"}],"wp:attachment":[{"href":"https:\/\/hdpnoticias.com.ar\/index.php?rest_route=%2Fwp%2Fv2%2Fmedia&parent=4846"}],"wp:term":[{"taxonomy":"category","embeddable":true,"href":"https:\/\/hdpnoticias.com.ar\/index.php?rest_route=%2Fwp%2Fv2%2Fcategories&post=4846"},{"taxonomy":"post_tag","embeddable":true,"href":"https:\/\/hdpnoticias.com.ar\/index.php?rest_route=%2Fwp%2Fv2%2Ftags&post=4846"}],"curies":[{"name":"wp","href":"https:\/\/api.w.org\/{rel}","templated":true}]}}