{"id":4837,"date":"2023-10-26T21:58:14","date_gmt":"2023-10-27T00:58:14","guid":{"rendered":"http:\/\/hdpnoticias.com.ar\/?p=4837"},"modified":"2023-10-26T21:58:16","modified_gmt":"2023-10-27T00:58:16","slug":"detuvieron-a-policia-acusado-de-abusar-de-una-menor-en-un-patrullero","status":"publish","type":"post","link":"https:\/\/hdpnoticias.com.ar\/?p=4837","title":{"rendered":"Detuvieron a polic\u00eda acusado de abusar de una menor en un patrullero"},"content":{"rendered":"\n<p>Un efectivo policial que presta servicio en la Comisar\u00eda Segunda, de Charata, fue detenido tras ser denunciado por el supuesto abuso sexual de una adolescente de 16 a\u00f1os a bordo de un patrullero.<\/p>\n\n\n\n<p>La denuncia fue formalizada por la abuela de la chica la madrugada del mi\u00e9rcoles al sorprenderse con la escena cuando fue a buscarla al lugar al que se supon\u00eda que asistir\u00eda con una amiga.<\/p>\n\n\n\n<p>Inmediatamente el fiscal Fernando Ojeda orden\u00f3 la detenci\u00f3n del hombe en la causa caratulada \u201cabuso sexual agravado\u201d.<\/p>\n\n\n\n<p>Por su parte, el \u00d3rgano de Control Institucional de la Polic\u00eda inici\u00f3 un sumario por presuntas faltas grav\u00edsimas y lo suspendi\u00f3 en sus funciones con retenci\u00f3n de haberes, adem\u00e1s, le retuvieron su arma reglamentaria.<\/p>\n\n\n\n<p>El polic\u00eda acusado declar\u00f3 y asegur\u00f3 que s\u00f3lo estaba \u201cdialogando\u201d con la jovencita dentro del m\u00f3vil policial.<\/p>\n\n\n\n<p>En su entorno dicen que \u201ceran pareja\u201d, sin embargo se supo que \u00e9l estaba a punto de casarse con otra mujer.<\/p>\n","protected":false},"excerpt":{"rendered":"<p>Un efectivo policial que presta servicio en la Comisar\u00eda Segunda, de Charata, fue detenido tras ser denunciado por el supuesto abuso sexual de una adolescente de 16 a\u00f1os a bordo de un patrullero. La denuncia fue formalizada por la abuela de la chica la madrugada del mi\u00e9rcoles al sorprenderse con la escena cuando fue a [&hellip;]<\/p>\n","protected":false},"author":1,"featured_media":2304,"comment_status":"open","ping_status":"open","sticky":false,"template":"","format":"standard","meta":{"footnotes":""},"categories":[26],"tags":[945,84,37,91],"class_list":["post-4837","post","type-post","status-publish","format-standard","has-post-thumbnail","hentry","category-policiales","tag-abuso-sexual","tag-adolescente","tag-chaco","tag-charata"],"_links":{"self":[{"href":"https:\/\/hdpnoticias.com.ar\/index.php?rest_route=\/wp\/v2\/posts\/4837","targetHints":{"allow":["GET"]}}],"collection":[{"href":"https:\/\/hdpnoticias.com.ar\/index.php?rest_route=\/wp\/v2\/posts"}],"about":[{"href":"https:\/\/hdpnoticias.com.ar\/index.php?rest_route=\/wp\/v2\/types\/post"}],"author":[{"embeddable":true,"href":"https:\/\/hdpnoticias.com.ar\/index.php?rest_route=\/wp\/v2\/users\/1"}],"replies":[{"embeddable":true,"href":"https:\/\/hdpnoticias.com.ar\/index.php?rest_route=%2Fwp%2Fv2%2Fcomments&post=4837"}],"version-history":[{"count":1,"href":"https:\/\/hdpnoticias.com.ar\/index.php?rest_route=\/wp\/v2\/posts\/4837\/revisions"}],"predecessor-version":[{"id":4838,"href":"https:\/\/hdpnoticias.com.ar\/index.php?rest_route=\/wp\/v2\/posts\/4837\/revisions\/4838"}],"wp:featuredmedia":[{"embeddable":true,"href":"https:\/\/hdpnoticias.com.ar\/index.php?rest_route=\/wp\/v2\/media\/2304"}],"wp:attachment":[{"href":"https:\/\/hdpnoticias.com.ar\/index.php?rest_route=%2Fwp%2Fv2%2Fmedia&parent=4837"}],"wp:term":[{"taxonomy":"category","embeddable":true,"href":"https:\/\/hdpnoticias.com.ar\/index.php?rest_route=%2Fwp%2Fv2%2Fcategories&post=4837"},{"taxonomy":"post_tag","embeddable":true,"href":"https:\/\/hdpnoticias.com.ar\/index.php?rest_route=%2Fwp%2Fv2%2Ftags&post=4837"}],"curies":[{"name":"wp","href":"https:\/\/api.w.org\/{rel}","templated":true}]}}