{"id":4821,"date":"2023-10-25T14:46:43","date_gmt":"2023-10-25T17:46:43","guid":{"rendered":"http:\/\/hdpnoticias.com.ar\/?p=4821"},"modified":"2023-10-25T14:46:44","modified_gmt":"2023-10-25T17:46:44","slug":"rozas-cree-que-el-radicalismo-deberia-abstenerse-en-el-balotaje","status":"publish","type":"post","link":"https:\/\/hdpnoticias.com.ar\/?p=4821","title":{"rendered":"Rozas cree que el radicalismo deber\u00eda \u201cabstenerse\u201d en el balotaje"},"content":{"rendered":"\n<p>Un intenso debate se libra en Juntos por el Cambio despu\u00e9s de que la alianza quedara marginada del balotaje en el que se definir\u00e1 el pr\u00f3ximo presidente de la Naci\u00f3n entre el ministro de Econom\u00eda Sergio Massa, del frente oficialista Uni\u00f3n por la Patria, y el opositor Javier Milei, de La Libertad Avanza.<\/p>\n\n\n\n<p>Patricia Bullrich, que fuera candidata de Juntos, ya anunci\u00f3 su respaldo a Milei. Expres\u00f3 su postura que representa al menos a un sector del PRO, con ciertas reservas y planteando ciertas condiciones que espera que sean incorporadas por La Libertad Avanza.<\/p>\n\n\n\n<p>Por otro lado, la Cocalici\u00f3n C\u00edvica que lidera la chaque\u00f1a Elisa Carri\u00f3, inform\u00f3 que no respaldar\u00e1 expresamente a ninguno de los 2 y que sus adherentes est\u00e1n en libertad de acci\u00f3n.<\/p>\n\n\n\n<p>Paralelamente, la UCR reuni\u00f3 a legisladores y a sus 10 gobernadores, los que est\u00e1n en funciones y los que asumir\u00e1n el 10 de diciembre, entre los que est\u00e1 el chaque\u00f1o Leandro Zdero, para intentar definir la cuesti\u00f3n.<\/p>\n\n\n\n<p>\u201cLa UCR no debe caer en el simplismo pol\u00edtico de lavarse las manos y dar libertad de acci\u00f3n\u201d, dijo el exgobernador chaque\u00f1o \u00c1ngel Rozas, exsenador y tambi\u00e9n expresidente del Comit\u00e9 Nacional de la UCR.<\/p>\n\n\n\n<p>Para \u00e9l, el radicalismo debe, \u201ccon todas las letras, fundamentar nuestra posici\u00f3n y por qu\u00e9 no acompa\u00f1amos a unos y otros\u201d.<\/p>\n\n\n\n<p>De esta manera entiende evitar\u00eda \u201cser socios de un terrible ajuste sobre la poblaci\u00f3n; por derecha extrema o por populista extremo\u201d.<\/p>\n\n\n\n<p>Nada de tratar de quedar circunstancialmente bien, sino hacer lo que hay hacer\u201d, remarc\u00f3, y especific\u00f3: \u201cAbstenerse es lo que deber\u00edamos hacer\u201d.<\/p>\n","protected":false},"excerpt":{"rendered":"<p>Un intenso debate se libra en Juntos por el Cambio despu\u00e9s de que la alianza quedara marginada del balotaje en el que se definir\u00e1 el pr\u00f3ximo presidente de la Naci\u00f3n entre el ministro de Econom\u00eda Sergio Massa, del frente oficialista Uni\u00f3n por la Patria, y el opositor Javier Milei, de La Libertad Avanza. Patricia Bullrich, [&hellip;]<\/p>\n","protected":false},"author":1,"featured_media":4822,"comment_status":"open","ping_status":"open","sticky":false,"template":"","format":"standard","meta":{"footnotes":""},"categories":[27],"tags":[1618,559,450,2325,289,1319,558,1998,746,921],"class_list":["post-4821","post","type-post","status-publish","format-standard","has-post-thumbnail","hentry","category-politica","tag-balotaje","tag-bullrich","tag-juntos-por-el-cambio","tag-la-libertad-avanza","tag-massa","tag-milei","tag-pro","tag-rozas","tag-ucr","tag-zdero"],"_links":{"self":[{"href":"https:\/\/hdpnoticias.com.ar\/index.php?rest_route=\/wp\/v2\/posts\/4821","targetHints":{"allow":["GET"]}}],"collection":[{"href":"https:\/\/hdpnoticias.com.ar\/index.php?rest_route=\/wp\/v2\/posts"}],"about":[{"href":"https:\/\/hdpnoticias.com.ar\/index.php?rest_route=\/wp\/v2\/types\/post"}],"author":[{"embeddable":true,"href":"https:\/\/hdpnoticias.com.ar\/index.php?rest_route=\/wp\/v2\/users\/1"}],"replies":[{"embeddable":true,"href":"https:\/\/hdpnoticias.com.ar\/index.php?rest_route=%2Fwp%2Fv2%2Fcomments&post=4821"}],"version-history":[{"count":1,"href":"https:\/\/hdpnoticias.com.ar\/index.php?rest_route=\/wp\/v2\/posts\/4821\/revisions"}],"predecessor-version":[{"id":4823,"href":"https:\/\/hdpnoticias.com.ar\/index.php?rest_route=\/wp\/v2\/posts\/4821\/revisions\/4823"}],"wp:featuredmedia":[{"embeddable":true,"href":"https:\/\/hdpnoticias.com.ar\/index.php?rest_route=\/wp\/v2\/media\/4822"}],"wp:attachment":[{"href":"https:\/\/hdpnoticias.com.ar\/index.php?rest_route=%2Fwp%2Fv2%2Fmedia&parent=4821"}],"wp:term":[{"taxonomy":"category","embeddable":true,"href":"https:\/\/hdpnoticias.com.ar\/index.php?rest_route=%2Fwp%2Fv2%2Fcategories&post=4821"},{"taxonomy":"post_tag","embeddable":true,"href":"https:\/\/hdpnoticias.com.ar\/index.php?rest_route=%2Fwp%2Fv2%2Ftags&post=4821"}],"curies":[{"name":"wp","href":"https:\/\/api.w.org\/{rel}","templated":true}]}}