{"id":4804,"date":"2023-10-24T03:56:00","date_gmt":"2023-10-24T06:56:00","guid":{"rendered":"http:\/\/hdpnoticias.com.ar\/?p=4804"},"modified":"2023-10-24T07:02:42","modified_gmt":"2023-10-24T10:02:42","slug":"todos-menos-uno-capitanich-es-el-unico-que-intento-y-no-logro-la-reeleccion","status":"publish","type":"post","link":"https:\/\/hdpnoticias.com.ar\/?p=4804","title":{"rendered":"Todos menos uno: Capitanich es el \u00fanico que intent\u00f3 pero no logr\u00f3 la reelecci\u00f3n"},"content":{"rendered":"\n<p>Jorge Capitanich debe despedirse del gobierno el pr\u00f3ximo 10 de diciembre tras fracasar en la b\u00fasqueda de otra reelecci\u00f3n y su cuarto mandato como gobernador de Chaco.<\/p>\n\n\n\n<p>El pasado 17 de septiembre fue superado por el diputado radical Leandro Zdero, de Juntos por el Cambio.<\/p>\n\n\n\n<p>As\u00ed, se convirti\u00f3 en el \u00fanico que no logr\u00f3 repetir, de todos los que lo intentaron en las elecciones de este a\u00f1o.<\/p>\n\n\n\n<p>8 de las 10 provincias del Norte Grande eligieron gobernador, y adem\u00e1s de Capitanich otros 5 gobernadores buscaron la reelecci\u00f3n, todos los dem\u00e1s lo lograron: Gustavo S\u00e1enz, en Salta; Osvaldo Jaldo, en Tucum\u00e1n, Ricardo Quintela, en La Rioja; Gildo Insfr\u00e1n en Formosa y Ra\u00fal Jalil en Catamarca.<\/p>\n\n\n\n<p>En el resto del pa\u00eds, Axel Kicillof fue reelecto este domingo como gobernador de Buenos Aires.<\/p>\n\n\n\n<p>Sergio Ziliotto en La Pampa, y Gustavo Melella en Tierra del Fuego, tambi\u00e9n lograron su reelecci\u00f3n.<\/p>\n","protected":false},"excerpt":{"rendered":"<p>Jorge Capitanich debe despedirse del gobierno el pr\u00f3ximo 10 de diciembre tras fracasar en la b\u00fasqueda de otra reelecci\u00f3n y su cuarto mandato como gobernador de Chaco. El pasado 17 de septiembre fue superado por el diputado radical Leandro Zdero, de Juntos por el Cambio. As\u00ed, se convirti\u00f3 en el \u00fanico que no logr\u00f3 repetir, [&hellip;]<\/p>\n","protected":false},"author":1,"featured_media":4019,"comment_status":"open","ping_status":"open","sticky":false,"template":"","format":"standard","meta":{"footnotes":""},"categories":[27],"tags":[609,187,29,37,246,30,1763,1094,1514,2770,2584,178,996,350,1580],"class_list":["post-4804","post","type-post","status-publish","format-standard","has-post-thumbnail","hentry","category-politica","tag-axel","tag-buenos-aires","tag-capitanich","tag-chaco","tag-elecciones","tag-gildo","tag-gobernadores","tag-insfran","tag-jaldo","tag-jalil","tag-kicillof","tag-norte-grande","tag-quintela","tag-reeleccion","tag-saenz"],"_links":{"self":[{"href":"https:\/\/hdpnoticias.com.ar\/index.php?rest_route=\/wp\/v2\/posts\/4804","targetHints":{"allow":["GET"]}}],"collection":[{"href":"https:\/\/hdpnoticias.com.ar\/index.php?rest_route=\/wp\/v2\/posts"}],"about":[{"href":"https:\/\/hdpnoticias.com.ar\/index.php?rest_route=\/wp\/v2\/types\/post"}],"author":[{"embeddable":true,"href":"https:\/\/hdpnoticias.com.ar\/index.php?rest_route=\/wp\/v2\/users\/1"}],"replies":[{"embeddable":true,"href":"https:\/\/hdpnoticias.com.ar\/index.php?rest_route=%2Fwp%2Fv2%2Fcomments&post=4804"}],"version-history":[{"count":2,"href":"https:\/\/hdpnoticias.com.ar\/index.php?rest_route=\/wp\/v2\/posts\/4804\/revisions"}],"predecessor-version":[{"id":4811,"href":"https:\/\/hdpnoticias.com.ar\/index.php?rest_route=\/wp\/v2\/posts\/4804\/revisions\/4811"}],"wp:featuredmedia":[{"embeddable":true,"href":"https:\/\/hdpnoticias.com.ar\/index.php?rest_route=\/wp\/v2\/media\/4019"}],"wp:attachment":[{"href":"https:\/\/hdpnoticias.com.ar\/index.php?rest_route=%2Fwp%2Fv2%2Fmedia&parent=4804"}],"wp:term":[{"taxonomy":"category","embeddable":true,"href":"https:\/\/hdpnoticias.com.ar\/index.php?rest_route=%2Fwp%2Fv2%2Fcategories&post=4804"},{"taxonomy":"post_tag","embeddable":true,"href":"https:\/\/hdpnoticias.com.ar\/index.php?rest_route=%2Fwp%2Fv2%2Ftags&post=4804"}],"curies":[{"name":"wp","href":"https:\/\/api.w.org\/{rel}","templated":true}]}}