{"id":4791,"date":"2023-10-23T09:12:35","date_gmt":"2023-10-23T12:12:35","guid":{"rendered":"http:\/\/hdpnoticias.com.ar\/?p=4791"},"modified":"2023-10-23T09:12:38","modified_gmt":"2023-10-23T12:12:38","slug":"milei-se-quedo-con-una-banca-del-pj-chaqueno-en-el-congreso","status":"publish","type":"post","link":"https:\/\/hdpnoticias.com.ar\/?p=4791","title":{"rendered":"Milei se qued\u00f3 con una banca del PJ chaque\u00f1o en el Congreso"},"content":{"rendered":"\n<p>Este domingo Chaco eligi\u00f3 diputados nacionales para renovar 3 de las 7 bancas por finalizaci\u00f3n de mandato.<\/p>\n\n\n\n<p>2 de las plazas en juego correspond\u00edan al Frente de Todos, ahora bajo la denominaci\u00f3n de Unidad por la Patria, las ocupadas por Aldo Leiva y Lucila Mas\u00edn, y la tercera a Juntos por el Cambio, la de Gerardo Cipolini.<\/p>\n\n\n\n<p>Leiva y Cipolini encabezaron sendas listas buscando la reelecci\u00f3n, secundados por Julieta Campo y Carolina Meiri\u00f1o, respectivamente.<\/p>\n\n\n\n<p>La irrupci\u00f3n de La Libertad Avanza en el escenario nacional a partir de la candidatura presidencial de Javier Milei modific\u00f3 el escenario provincial.<\/p>\n\n\n\n<p>Uni\u00f3n por la Patria se impuso en la categor\u00eda con el 45,53% de los votos. En segundo lugar se ubic\u00f3 La Libertad Avanza con el 28,63%. Y el tercero fue para Juntos, con 25,82%.<\/p>\n\n\n\n<p>Con este resultado, las 3 fuerzas merecieron una banca de diputado nacional: a las renovaciones de Leiva y Cipolini se suma la incorporaci\u00f3n de Carlos Daniel Garc\u00eda, que encabez\u00f3 la boleta de La Libertad Avanza.<\/p>\n\n\n\n<p>As\u00ed, el partido de Milei gana terreno en el Congreso despojando de un esca\u00f1o al PJ chaque\u00f1o.<\/p>\n","protected":false},"excerpt":{"rendered":"<p>Este domingo Chaco eligi\u00f3 diputados nacionales para renovar 3 de las 7 bancas por finalizaci\u00f3n de mandato. 2 de las plazas en juego correspond\u00edan al Frente de Todos, ahora bajo la denominaci\u00f3n de Unidad por la Patria, las ocupadas por Aldo Leiva y Lucila Mas\u00edn, y la tercera a Juntos por el Cambio, la de [&hellip;]<\/p>\n","protected":false},"author":1,"featured_media":4792,"comment_status":"open","ping_status":"open","sticky":false,"template":"","format":"standard","meta":{"footnotes":""},"categories":[27],"tags":[2763,37,395,251,71,1583,2325,1937,1319,248,1898],"class_list":["post-4791","post","type-post","status-publish","format-standard","has-post-thumbnail","hentry","category-politica","tag-banca","tag-chaco","tag-cipolini","tag-congreso","tag-diputados","tag-juntos","tag-la-libertad-avanza","tag-leiva","tag-milei","tag-pj","tag-union-por-la-patria"],"_links":{"self":[{"href":"https:\/\/hdpnoticias.com.ar\/index.php?rest_route=\/wp\/v2\/posts\/4791","targetHints":{"allow":["GET"]}}],"collection":[{"href":"https:\/\/hdpnoticias.com.ar\/index.php?rest_route=\/wp\/v2\/posts"}],"about":[{"href":"https:\/\/hdpnoticias.com.ar\/index.php?rest_route=\/wp\/v2\/types\/post"}],"author":[{"embeddable":true,"href":"https:\/\/hdpnoticias.com.ar\/index.php?rest_route=\/wp\/v2\/users\/1"}],"replies":[{"embeddable":true,"href":"https:\/\/hdpnoticias.com.ar\/index.php?rest_route=%2Fwp%2Fv2%2Fcomments&post=4791"}],"version-history":[{"count":1,"href":"https:\/\/hdpnoticias.com.ar\/index.php?rest_route=\/wp\/v2\/posts\/4791\/revisions"}],"predecessor-version":[{"id":4793,"href":"https:\/\/hdpnoticias.com.ar\/index.php?rest_route=\/wp\/v2\/posts\/4791\/revisions\/4793"}],"wp:featuredmedia":[{"embeddable":true,"href":"https:\/\/hdpnoticias.com.ar\/index.php?rest_route=\/wp\/v2\/media\/4792"}],"wp:attachment":[{"href":"https:\/\/hdpnoticias.com.ar\/index.php?rest_route=%2Fwp%2Fv2%2Fmedia&parent=4791"}],"wp:term":[{"taxonomy":"category","embeddable":true,"href":"https:\/\/hdpnoticias.com.ar\/index.php?rest_route=%2Fwp%2Fv2%2Fcategories&post=4791"},{"taxonomy":"post_tag","embeddable":true,"href":"https:\/\/hdpnoticias.com.ar\/index.php?rest_route=%2Fwp%2Fv2%2Ftags&post=4791"}],"curies":[{"name":"wp","href":"https:\/\/api.w.org\/{rel}","templated":true}]}}