{"id":4754,"date":"2023-10-23T07:08:46","date_gmt":"2023-10-23T10:08:46","guid":{"rendered":"http:\/\/hdpnoticias.com.ar\/?p=4754"},"modified":"2023-10-23T07:08:48","modified_gmt":"2023-10-23T10:08:48","slug":"massa-volvio-a-ganar-en-chaco-sumo-mas-votos-que-capitanich","status":"publish","type":"post","link":"https:\/\/hdpnoticias.com.ar\/?p=4754","title":{"rendered":"Massa volvi\u00f3 a ganar en Chaco: sum\u00f3 m\u00e1s votos que Capitanich"},"content":{"rendered":"\n<p>El ministro de Econom\u00eda de la Naci\u00f3n: Sergio Massa, candidato a presidente del frente oficialista Uni\u00f3n por la Patria, que ya hab\u00eda ganado las Paso de agosto, volvi\u00f3 a imponerse en las elecciones de este domingo en Chaco.<\/p>\n\n\n\n<p>Obtuvo 43,69% de los votos, superando a Javier Milei, de La Libertad Avanza, que sum\u00f3 27,76%, y a Patricia Bullrich, de Juntos por el Cambio, que alcanz\u00f3 24,13.<\/p>\n\n\n\n<p>310.962 chaque\u00f1os votaron a Massa, un respaldo superior al obtenido por el gobernador Jorge Capitanich el pasado 17 de septiembre cuando buscaba su reelecci\u00f3n y consigui\u00f3 286.085 votos.<\/p>\n\n\n\n<p>En Juntos por el Cambio la diferencia fue inversa y abrumadora: mientras Leandro Zdero fue electo gobernador con 316.524 votos, mientras la candidata presidencial Patricia Bullrich cosech\u00f3 s\u00f3lo 171.756.<\/p>\n","protected":false},"excerpt":{"rendered":"<p>El ministro de Econom\u00eda de la Naci\u00f3n: Sergio Massa, candidato a presidente del frente oficialista Uni\u00f3n por la Patria, que ya hab\u00eda ganado las Paso de agosto, volvi\u00f3 a imponerse en las elecciones de este domingo en Chaco. Obtuvo 43,69% de los votos, superando a Javier Milei, de La Libertad Avanza, que sum\u00f3 27,76%, y [&hellip;]<\/p>\n","protected":false},"author":1,"featured_media":4755,"comment_status":"open","ping_status":"open","sticky":false,"template":"","format":"standard","meta":{"footnotes":""},"categories":[27],"tags":[559,29,37,450,2325,289,1319,1898,2254,921],"class_list":["post-4754","post","type-post","status-publish","format-standard","has-post-thumbnail","hentry","category-politica","tag-bullrich","tag-capitanich","tag-chaco","tag-juntos-por-el-cambio","tag-la-libertad-avanza","tag-massa","tag-milei","tag-union-por-la-patria","tag-votos","tag-zdero"],"_links":{"self":[{"href":"https:\/\/hdpnoticias.com.ar\/index.php?rest_route=\/wp\/v2\/posts\/4754","targetHints":{"allow":["GET"]}}],"collection":[{"href":"https:\/\/hdpnoticias.com.ar\/index.php?rest_route=\/wp\/v2\/posts"}],"about":[{"href":"https:\/\/hdpnoticias.com.ar\/index.php?rest_route=\/wp\/v2\/types\/post"}],"author":[{"embeddable":true,"href":"https:\/\/hdpnoticias.com.ar\/index.php?rest_route=\/wp\/v2\/users\/1"}],"replies":[{"embeddable":true,"href":"https:\/\/hdpnoticias.com.ar\/index.php?rest_route=%2Fwp%2Fv2%2Fcomments&post=4754"}],"version-history":[{"count":1,"href":"https:\/\/hdpnoticias.com.ar\/index.php?rest_route=\/wp\/v2\/posts\/4754\/revisions"}],"predecessor-version":[{"id":4756,"href":"https:\/\/hdpnoticias.com.ar\/index.php?rest_route=\/wp\/v2\/posts\/4754\/revisions\/4756"}],"wp:featuredmedia":[{"embeddable":true,"href":"https:\/\/hdpnoticias.com.ar\/index.php?rest_route=\/wp\/v2\/media\/4755"}],"wp:attachment":[{"href":"https:\/\/hdpnoticias.com.ar\/index.php?rest_route=%2Fwp%2Fv2%2Fmedia&parent=4754"}],"wp:term":[{"taxonomy":"category","embeddable":true,"href":"https:\/\/hdpnoticias.com.ar\/index.php?rest_route=%2Fwp%2Fv2%2Fcategories&post=4754"},{"taxonomy":"post_tag","embeddable":true,"href":"https:\/\/hdpnoticias.com.ar\/index.php?rest_route=%2Fwp%2Fv2%2Ftags&post=4754"}],"curies":[{"name":"wp","href":"https:\/\/api.w.org\/{rel}","templated":true}]}}