{"id":4749,"date":"2023-10-22T15:18:00","date_gmt":"2023-10-22T18:18:00","guid":{"rendered":"http:\/\/hdpnoticias.com.ar\/?p=4749"},"modified":"2023-10-22T19:20:34","modified_gmt":"2023-10-22T22:20:34","slug":"cristina-contradictoria-dice-ganamos-en-2019-pero-se-despega-del-gobierno","status":"publish","type":"post","link":"https:\/\/hdpnoticias.com.ar\/?p=4749","title":{"rendered":"Cristina contradictoria: dice \u201cganamos en 2019\u201d pero se despega del gobierno"},"content":{"rendered":"\n<p>La vicepresidente de la Naci\u00f3n: Cristina Fern\u00e1ndez, se desentendi\u00f3 ol\u00edmpicamente del Gobierno nacional que encabeza junto a Alberto Fern\u00e1ndez, propuesto por ella, desde el 10 de diciembre de 2019.<\/p>\n\n\n\n<p>Tras emitir su voto en R\u00edo Gallegos, y para redondear un contacto con la prensa, le preguntaron \u201cc\u00f3mo cree que la gente recordar\u00e1 su gobierno\u201d. R\u00e1pidamente se despeg\u00f3 de la gesti\u00f3n nacional diciendo que su gobierno finaliz\u00f3 en 2015 y que la gente \u201clo recuerda de manera maravillosa\u201d y fundament\u00f3: \u201cPor eso ganamos en 2019\u201d.<\/p>\n\n\n\n<p>Pero a pesar de expresarse en primera persona sobre el triunfo de la f\u00f3rmula Fern\u00e1ndez-Fern\u00e1ndez, del Frente de Todos, dijo que \u00e9ste no es su gobierno porque como vicepresidente de la Naci\u00f3n tiene el mero rol de presidir el Senado.<\/p>\n\n\n\n<p>Para ella, el \u00fanico responsable del Gobierno es el Presidente. Y habl\u00f3 de las \u201cdiferencias\u201d que mantuvo con \u00e9l a partir de su cr\u00edtica postura sobre las pol\u00edticas de precios y salarios, y el acuerdo con el FMI.<\/p>\n","protected":false},"excerpt":{"rendered":"<p>La vicepresidente de la Naci\u00f3n: Cristina Fern\u00e1ndez, se desentendi\u00f3 ol\u00edmpicamente del Gobierno nacional que encabeza junto a Alberto Fern\u00e1ndez, propuesto por ella, desde el 10 de diciembre de 2019. Tras emitir su voto en R\u00edo Gallegos, y para redondear un contacto con la prensa, le preguntaron \u201cc\u00f3mo cree que la gente recordar\u00e1 su gobierno\u201d. R\u00e1pidamente [&hellip;]<\/p>\n","protected":false},"author":1,"featured_media":4745,"comment_status":"open","ping_status":"open","sticky":false,"template":"","format":"standard","meta":{"footnotes":""},"categories":[27],"tags":[68,453,405,1098,349,2759,36],"class_list":["post-4749","post","type-post","status-publish","format-standard","has-post-thumbnail","hentry","category-politica","tag-alberto","tag-cristina","tag-fernandez","tag-fmi","tag-frente-de-todos","tag-gestion","tag-gobierno"],"_links":{"self":[{"href":"https:\/\/hdpnoticias.com.ar\/index.php?rest_route=\/wp\/v2\/posts\/4749","targetHints":{"allow":["GET"]}}],"collection":[{"href":"https:\/\/hdpnoticias.com.ar\/index.php?rest_route=\/wp\/v2\/posts"}],"about":[{"href":"https:\/\/hdpnoticias.com.ar\/index.php?rest_route=\/wp\/v2\/types\/post"}],"author":[{"embeddable":true,"href":"https:\/\/hdpnoticias.com.ar\/index.php?rest_route=\/wp\/v2\/users\/1"}],"replies":[{"embeddable":true,"href":"https:\/\/hdpnoticias.com.ar\/index.php?rest_route=%2Fwp%2Fv2%2Fcomments&post=4749"}],"version-history":[{"count":1,"href":"https:\/\/hdpnoticias.com.ar\/index.php?rest_route=\/wp\/v2\/posts\/4749\/revisions"}],"predecessor-version":[{"id":4750,"href":"https:\/\/hdpnoticias.com.ar\/index.php?rest_route=\/wp\/v2\/posts\/4749\/revisions\/4750"}],"wp:featuredmedia":[{"embeddable":true,"href":"https:\/\/hdpnoticias.com.ar\/index.php?rest_route=\/wp\/v2\/media\/4745"}],"wp:attachment":[{"href":"https:\/\/hdpnoticias.com.ar\/index.php?rest_route=%2Fwp%2Fv2%2Fmedia&parent=4749"}],"wp:term":[{"taxonomy":"category","embeddable":true,"href":"https:\/\/hdpnoticias.com.ar\/index.php?rest_route=%2Fwp%2Fv2%2Fcategories&post=4749"},{"taxonomy":"post_tag","embeddable":true,"href":"https:\/\/hdpnoticias.com.ar\/index.php?rest_route=%2Fwp%2Fv2%2Ftags&post=4749"}],"curies":[{"name":"wp","href":"https:\/\/api.w.org\/{rel}","templated":true}]}}