{"id":4668,"date":"2023-10-17T15:45:06","date_gmt":"2023-10-17T18:45:06","guid":{"rendered":"http:\/\/hdpnoticias.com.ar\/?p=4668"},"modified":"2023-10-17T15:45:08","modified_gmt":"2023-10-17T18:45:08","slug":"crisis-en-salud-publica-ya-no-daran-comida-a-medicos-de-guardia-y-residentes","status":"publish","type":"post","link":"https:\/\/hdpnoticias.com.ar\/?p=4668","title":{"rendered":"Crisis en Salud P\u00fablica: ya no dar\u00e1n comida a m\u00e9dicos de guardia y residentes"},"content":{"rendered":"\n<p>La crisis de Salud P\u00fablica se evidencia desde hace a\u00f1os en la falta de recursos humanos, medicamentos e insumos. Tan es as\u00ed que el propio gobernador Jorge Capitanich admiti\u00f3 la falta de \u201cal menos 500 m\u00e9dicos\u201d.<\/p>\n\n\n\n<p>Pero ahora qued\u00f3 claro que la situaci\u00f3n puede ser todav\u00eda peor: la responsable del servicio de Nutrici\u00f3n del hospital 4 de Junio, de Presidencia Roque S\u00e1enz Pe\u00f1a, denunci\u00f3 la falta de mercader\u00edas en la cocina.<\/p>\n\n\n\n<p>As\u00ed lo plasm\u00f3 en una notificaci\u00f3n en la que informa que se ve en la necesidad de interrumpir desde este martes y hasta nuevo aviso las raciones que corresponden a los m\u00e9dicos de guardia y residentes por la falta de insumos b\u00e1sicos.<\/p>\n","protected":false},"excerpt":{"rendered":"<p>La crisis de Salud P\u00fablica se evidencia desde hace a\u00f1os en la falta de recursos humanos, medicamentos e insumos. Tan es as\u00ed que el propio gobernador Jorge Capitanich admiti\u00f3 la falta de \u201cal menos 500 m\u00e9dicos\u201d. Pero ahora qued\u00f3 claro que la situaci\u00f3n puede ser todav\u00eda peor: la responsable del servicio de Nutrici\u00f3n del hospital [&hellip;]<\/p>\n","protected":false},"author":1,"featured_media":4669,"comment_status":"open","ping_status":"open","sticky":false,"template":"","format":"standard","meta":{"footnotes":""},"categories":[6],"tags":[153,1292,711,2167,2708,2709,95,1150],"class_list":["post-4668","post","type-post","status-publish","format-standard","has-post-thumbnail","hentry","category-info-general","tag-4-de-junio","tag-crisis","tag-guardia","tag-medicos","tag-raciones","tag-residentes","tag-saenz-pena","tag-salud-publica"],"_links":{"self":[{"href":"https:\/\/hdpnoticias.com.ar\/index.php?rest_route=\/wp\/v2\/posts\/4668","targetHints":{"allow":["GET"]}}],"collection":[{"href":"https:\/\/hdpnoticias.com.ar\/index.php?rest_route=\/wp\/v2\/posts"}],"about":[{"href":"https:\/\/hdpnoticias.com.ar\/index.php?rest_route=\/wp\/v2\/types\/post"}],"author":[{"embeddable":true,"href":"https:\/\/hdpnoticias.com.ar\/index.php?rest_route=\/wp\/v2\/users\/1"}],"replies":[{"embeddable":true,"href":"https:\/\/hdpnoticias.com.ar\/index.php?rest_route=%2Fwp%2Fv2%2Fcomments&post=4668"}],"version-history":[{"count":1,"href":"https:\/\/hdpnoticias.com.ar\/index.php?rest_route=\/wp\/v2\/posts\/4668\/revisions"}],"predecessor-version":[{"id":4670,"href":"https:\/\/hdpnoticias.com.ar\/index.php?rest_route=\/wp\/v2\/posts\/4668\/revisions\/4670"}],"wp:featuredmedia":[{"embeddable":true,"href":"https:\/\/hdpnoticias.com.ar\/index.php?rest_route=\/wp\/v2\/media\/4669"}],"wp:attachment":[{"href":"https:\/\/hdpnoticias.com.ar\/index.php?rest_route=%2Fwp%2Fv2%2Fmedia&parent=4668"}],"wp:term":[{"taxonomy":"category","embeddable":true,"href":"https:\/\/hdpnoticias.com.ar\/index.php?rest_route=%2Fwp%2Fv2%2Fcategories&post=4668"},{"taxonomy":"post_tag","embeddable":true,"href":"https:\/\/hdpnoticias.com.ar\/index.php?rest_route=%2Fwp%2Fv2%2Ftags&post=4668"}],"curies":[{"name":"wp","href":"https:\/\/api.w.org\/{rel}","templated":true}]}}