{"id":4660,"date":"2023-10-16T19:24:00","date_gmt":"2023-10-16T22:24:00","guid":{"rendered":"http:\/\/hdpnoticias.com.ar\/?p=4660"},"modified":"2023-10-17T07:25:57","modified_gmt":"2023-10-17T10:25:57","slug":"arrojaron-el-cadaver-de-un-bebe-al-patio-de-una-casa-en-tirol","status":"publish","type":"post","link":"https:\/\/hdpnoticias.com.ar\/?p=4660","title":{"rendered":"Arrojaron el cad\u00e1ver de un beb\u00e9 al patio de una casa en Tirol"},"content":{"rendered":"\n<p>La tarde del lunes un vecino de Puerto Tirol dio aviso a la Polic\u00eda sobre un macabro hallazgo en el patio de su casa de la calle Belgrano.<\/p>\n\n\n\n<p>Su pareja hab\u00eda salido a la parte trasera de la vivienda cuando vio \u201cun bulto\u201d que le llam\u00f3 la atenci\u00f3n y al aproximarse advirti\u00f3 que se trababa de un reci\u00e9n nadido, muerto.<\/p>\n\n\n\n<p>Funcionarios policiales y judiciales realizaron pericias en el lugar y trasladaron el cad\u00e1ver al Instituto de Medicina y Ciencias Forenses del Poder Judicial para la pr\u00e1ctica de la autopsia que permita determinar la causa de la muerte.<\/p>\n\n\n\n<p>Mientras, se intenta identificar al peque\u00f1o y hallar a sus padres, y la investigaci\u00f3n busca dilucidar lo ocurrido y c\u00f3mo lleg\u00f3 hasta ah\u00ed.<\/p>\n","protected":false},"excerpt":{"rendered":"<p>La tarde del lunes un vecino de Puerto Tirol dio aviso a la Polic\u00eda sobre un macabro hallazgo en el patio de su casa de la calle Belgrano. Su pareja hab\u00eda salido a la parte trasera de la vivienda cuando vio \u201cun bulto\u201d que le llam\u00f3 la atenci\u00f3n y al aproximarse advirti\u00f3 que se trababa [&hellip;]<\/p>\n","protected":false},"author":1,"featured_media":4658,"comment_status":"open","ping_status":"open","sticky":false,"template":"","format":"standard","meta":{"footnotes":""},"categories":[26],"tags":[308,2704,472,2705,2703],"class_list":["post-4660","post","type-post","status-publish","format-standard","has-post-thumbnail","hentry","category-policiales","tag-bebe","tag-cadaver-2","tag-muerto","tag-puerto-tirol-2","tag-recien-nacido"],"_links":{"self":[{"href":"https:\/\/hdpnoticias.com.ar\/index.php?rest_route=\/wp\/v2\/posts\/4660","targetHints":{"allow":["GET"]}}],"collection":[{"href":"https:\/\/hdpnoticias.com.ar\/index.php?rest_route=\/wp\/v2\/posts"}],"about":[{"href":"https:\/\/hdpnoticias.com.ar\/index.php?rest_route=\/wp\/v2\/types\/post"}],"author":[{"embeddable":true,"href":"https:\/\/hdpnoticias.com.ar\/index.php?rest_route=\/wp\/v2\/users\/1"}],"replies":[{"embeddable":true,"href":"https:\/\/hdpnoticias.com.ar\/index.php?rest_route=%2Fwp%2Fv2%2Fcomments&post=4660"}],"version-history":[{"count":1,"href":"https:\/\/hdpnoticias.com.ar\/index.php?rest_route=\/wp\/v2\/posts\/4660\/revisions"}],"predecessor-version":[{"id":4661,"href":"https:\/\/hdpnoticias.com.ar\/index.php?rest_route=\/wp\/v2\/posts\/4660\/revisions\/4661"}],"wp:featuredmedia":[{"embeddable":true,"href":"https:\/\/hdpnoticias.com.ar\/index.php?rest_route=\/wp\/v2\/media\/4658"}],"wp:attachment":[{"href":"https:\/\/hdpnoticias.com.ar\/index.php?rest_route=%2Fwp%2Fv2%2Fmedia&parent=4660"}],"wp:term":[{"taxonomy":"category","embeddable":true,"href":"https:\/\/hdpnoticias.com.ar\/index.php?rest_route=%2Fwp%2Fv2%2Fcategories&post=4660"},{"taxonomy":"post_tag","embeddable":true,"href":"https:\/\/hdpnoticias.com.ar\/index.php?rest_route=%2Fwp%2Fv2%2Ftags&post=4660"}],"curies":[{"name":"wp","href":"https:\/\/api.w.org\/{rel}","templated":true}]}}