{"id":4492,"date":"2023-10-04T07:51:10","date_gmt":"2023-10-04T10:51:10","guid":{"rendered":"http:\/\/hdpnoticias.com.ar\/?p=4492"},"modified":"2023-11-24T07:36:29","modified_gmt":"2023-11-24T10:36:29","slug":"efecto-corte-de-boleta-faltazo-del-gobierno-al-aniversario-de-castelli","status":"publish","type":"post","link":"https:\/\/hdpnoticias.com.ar\/?p=4492","title":{"rendered":"Efecto corte de boleta: faltazo del Gobierno al aniversario de Castelli"},"content":{"rendered":"\n<p>Juan Jos\u00e9 Castelli celebr\u00f3 su 87\u00b0 aniversario con una serie de actividades que culminaron por la noche con un multitudinario evento musical.<\/p>\n\n\n\n<p>El programa de actos fue encabezado por el reelecto intendente P\u00edo Sander y funcionarios municipales.<\/p>\n\n\n\n<p>A pesar de la importancia del acontecimiento, la ciudad no cont\u00f3 con la presencia del gobernador Jorge Capitanich, ni de la vicegobernadora Anal\u00eda Rach Quiroga, domiciliada en Castelli y que hasta ahora hab\u00eda sido n\u00famero puesto en todas las convocatorias en esa zona de la provincia. Tampoco enviaron a funcionarios del gabinete.<\/p>\n\n\n\n<p>El faltazo fue r\u00e1pidamente interpretado en t\u00e9rminos pol\u00edticos como un \u201cvuelto\u201d por el importante corte de boleta que afect\u00f3 la reelecci\u00f3n de Capitanich en las elecciones del 17 de septiembre.<\/p>\n\n\n\n<p>En el recuento el intendente obtuvo 1729 votos m\u00e1s que la f\u00f3rmula gubernamental, algo que en el sector m\u00e1s allegado al Gobernador cree que fue el resultado de una maniobra deliberada.<\/p>\n","protected":false},"excerpt":{"rendered":"<p>Juan Jos\u00e9 Castelli celebr\u00f3 su 87\u00b0 aniversario con una serie de actividades que culminaron por la noche con un multitudinario evento musical. El programa de actos fue encabezado por el reelecto intendente P\u00edo Sander y funcionarios municipales. A pesar de la importancia del acontecimiento, la ciudad no cont\u00f3 con la presencia del gobernador Jorge Capitanich, [&hellip;]<\/p>\n","protected":false},"author":1,"featured_media":4493,"comment_status":"open","ping_status":"open","sticky":false,"template":"","format":"standard","meta":{"footnotes":""},"categories":[27],"tags":[2610,431,29,129,1882,1281,350,1752,2254,2611],"class_list":["post-4492","post","type-post","status-publish","format-standard","has-post-thumbnail","hentry","category-politica","tag-analia-rach","tag-aniversario","tag-capitanich","tag-castelli","tag-corte-de-boleta","tag-faltazo","tag-reeleccion","tag-sander","tag-votos","tag-vuelto"],"_links":{"self":[{"href":"https:\/\/hdpnoticias.com.ar\/index.php?rest_route=\/wp\/v2\/posts\/4492","targetHints":{"allow":["GET"]}}],"collection":[{"href":"https:\/\/hdpnoticias.com.ar\/index.php?rest_route=\/wp\/v2\/posts"}],"about":[{"href":"https:\/\/hdpnoticias.com.ar\/index.php?rest_route=\/wp\/v2\/types\/post"}],"author":[{"embeddable":true,"href":"https:\/\/hdpnoticias.com.ar\/index.php?rest_route=\/wp\/v2\/users\/1"}],"replies":[{"embeddable":true,"href":"https:\/\/hdpnoticias.com.ar\/index.php?rest_route=%2Fwp%2Fv2%2Fcomments&post=4492"}],"version-history":[{"count":3,"href":"https:\/\/hdpnoticias.com.ar\/index.php?rest_route=\/wp\/v2\/posts\/4492\/revisions"}],"predecessor-version":[{"id":5172,"href":"https:\/\/hdpnoticias.com.ar\/index.php?rest_route=\/wp\/v2\/posts\/4492\/revisions\/5172"}],"wp:featuredmedia":[{"embeddable":true,"href":"https:\/\/hdpnoticias.com.ar\/index.php?rest_route=\/wp\/v2\/media\/4493"}],"wp:attachment":[{"href":"https:\/\/hdpnoticias.com.ar\/index.php?rest_route=%2Fwp%2Fv2%2Fmedia&parent=4492"}],"wp:term":[{"taxonomy":"category","embeddable":true,"href":"https:\/\/hdpnoticias.com.ar\/index.php?rest_route=%2Fwp%2Fv2%2Fcategories&post=4492"},{"taxonomy":"post_tag","embeddable":true,"href":"https:\/\/hdpnoticias.com.ar\/index.php?rest_route=%2Fwp%2Fv2%2Ftags&post=4492"}],"curies":[{"name":"wp","href":"https:\/\/api.w.org\/{rel}","templated":true}]}}