{"id":4488,"date":"2023-10-04T07:30:35","date_gmt":"2023-10-04T10:30:35","guid":{"rendered":"http:\/\/hdpnoticias.com.ar\/?p=4488"},"modified":"2023-10-04T07:31:40","modified_gmt":"2023-10-04T10:31:40","slug":"liga-de-basquet-interna-en-sarmiento-tras-la-derrota-electoral-y-la-renuncia-de-capitanich","status":"publish","type":"post","link":"https:\/\/hdpnoticias.com.ar\/?p=4488","title":{"rendered":"Liga de B\u00e1squet: interna en Sarmiento tras la derrota electoral y la renuncia de Capitanich"},"content":{"rendered":"\n<p>La derrota electoral del gobernador Jorge Capitanich, que buscaba su cuarto mandato, gener\u00f3 un tembladeral en el Club Atl\u00e9tico Sarmiento por la <strong><a href=\"http:\/\/hdpnoticias.com.ar\/?p=4416\">\u201cincertidumbre\u201d sobre el respaldo econ\u00f3mico<\/a><\/strong> que podr\u00eda darle el pr\u00f3ximo gobierno encabezado por Leandro Zdero.<\/p>\n\n\n\n<p>A esto se sum\u00f3 la inmediata renuncia indeclinable de Capitanich a la presidencia de la Comisi\u00f3n Directiva del club.<\/p>\n\n\n\n<p>Una de las primeras medidas adoptadas por la conducci\u00f3n fue solicitar a la Asociaci\u00f3n de Clubes la baja de la inscripci\u00f3n para participar de la Liga Argentina de B\u00e1squet 2023-2024, por no contar con los recursos econ\u00f3micos necesarios.<\/p>\n\n\n\n<p>Ante esto, la entidad requiri\u00f3 a Sarmiento la documentaci\u00f3n de la asamblea en la que habr\u00eda sido tomada la decisi\u00f3n. \u00c9sta fue remitida pero se detectaron irregularidades en el registro de asistencia, lo que sac\u00f3 a la luz la interna que divide a la dirigencia.<\/p>\n\n\n\n<p>As\u00ed, mientras un sector de la Comisi\u00f3n inform\u00f3 que Sarmiento no participar\u00e1 de la Liga, otro ratific\u00f3 la participaci\u00f3n y el caso podr\u00eda terminar en la Justicia.<\/p>\n","protected":false},"excerpt":{"rendered":"<p>La derrota electoral del gobernador Jorge Capitanich, que buscaba su cuarto mandato, gener\u00f3 un tembladeral en el Club Atl\u00e9tico Sarmiento por la \u201cincertidumbre\u201d sobre el respaldo econ\u00f3mico que podr\u00eda darle el pr\u00f3ximo gobierno encabezado por Leandro Zdero. A esto se sum\u00f3 la inmediata renuncia indeclinable de Capitanich a la presidencia de la Comisi\u00f3n Directiva del [&hellip;]<\/p>\n","protected":false},"author":1,"featured_media":4489,"comment_status":"open","ping_status":"open","sticky":false,"template":"","format":"standard","meta":{"footnotes":""},"categories":[24],"tags":[2581,29,246,36,2609,1049,350,257,921],"class_list":["post-4488","post","type-post","status-publish","format-standard","has-post-thumbnail","hentry","category-deportes","tag-basquet","tag-capitanich","tag-elecciones","tag-gobierno","tag-interna","tag-liga","tag-reeleccion","tag-sarmiento","tag-zdero"],"_links":{"self":[{"href":"https:\/\/hdpnoticias.com.ar\/index.php?rest_route=\/wp\/v2\/posts\/4488","targetHints":{"allow":["GET"]}}],"collection":[{"href":"https:\/\/hdpnoticias.com.ar\/index.php?rest_route=\/wp\/v2\/posts"}],"about":[{"href":"https:\/\/hdpnoticias.com.ar\/index.php?rest_route=\/wp\/v2\/types\/post"}],"author":[{"embeddable":true,"href":"https:\/\/hdpnoticias.com.ar\/index.php?rest_route=\/wp\/v2\/users\/1"}],"replies":[{"embeddable":true,"href":"https:\/\/hdpnoticias.com.ar\/index.php?rest_route=%2Fwp%2Fv2%2Fcomments&post=4488"}],"version-history":[{"count":2,"href":"https:\/\/hdpnoticias.com.ar\/index.php?rest_route=\/wp\/v2\/posts\/4488\/revisions"}],"predecessor-version":[{"id":4491,"href":"https:\/\/hdpnoticias.com.ar\/index.php?rest_route=\/wp\/v2\/posts\/4488\/revisions\/4491"}],"wp:featuredmedia":[{"embeddable":true,"href":"https:\/\/hdpnoticias.com.ar\/index.php?rest_route=\/wp\/v2\/media\/4489"}],"wp:attachment":[{"href":"https:\/\/hdpnoticias.com.ar\/index.php?rest_route=%2Fwp%2Fv2%2Fmedia&parent=4488"}],"wp:term":[{"taxonomy":"category","embeddable":true,"href":"https:\/\/hdpnoticias.com.ar\/index.php?rest_route=%2Fwp%2Fv2%2Fcategories&post=4488"},{"taxonomy":"post_tag","embeddable":true,"href":"https:\/\/hdpnoticias.com.ar\/index.php?rest_route=%2Fwp%2Fv2%2Ftags&post=4488"}],"curies":[{"name":"wp","href":"https:\/\/api.w.org\/{rel}","templated":true}]}}